{"id":8261,"date":"2025-07-27T17:29:42","date_gmt":"2025-07-27T15:29:42","guid":{"rendered":"https:\/\/www.canoa.ch\/?p=8261"},"modified":"2025-07-27T17:48:49","modified_gmt":"2025-07-27T15:48:49","slug":"giro-dellisola-di-minorca","status":"publish","type":"post","link":"https:\/\/www.canoa.ch\/?p=8261","title":{"rendered":"Giro dell&#8217;isola di Minorca"},"content":{"rendered":"\t\t<div data-elementor-type=\"wp-post\" data-elementor-id=\"8261\" class=\"elementor elementor-8261\" data-elementor-post-type=\"post\">\n\t\t\t\t<div class=\"elementor-element elementor-element-8483979 e-flex e-con-boxed e-con e-parent\" data-id=\"8483979\" data-element_type=\"container\">\n\t\t\t\t\t<div class=\"e-con-inner\">\n\t\t\t\t<div class=\"elementor-element elementor-element-3c907b9 elementor-widget elementor-widget-heading\" data-id=\"3c907b9\" data-element_type=\"widget\" data-widget_type=\"heading.default\">\n\t\t\t\t<div class=\"elementor-widget-container\">\n\t\t\t\t\t<h2 class=\"elementor-heading-title elementor-size-default\">Entrambi i gruppi<br> hanno concluso la vuelta<\/h2>\t\t\t\t<\/div>\n\t\t\t\t<\/div>\n\t\t\t\t<div class=\"elementor-element elementor-element-96f2ce5 elementor-widget elementor-widget-text-editor\" data-id=\"96f2ce5\" data-element_type=\"widget\" data-widget_type=\"text-editor.default\">\n\t\t\t\t<div class=\"elementor-widget-container\">\n\t\t\t\t\t\t\t\t\t<p>8 giorni di navigazione, 161 Km percorsi, 7 notti nei &#8220;migliori hotel dell&#8217;isola&#8221;, cio\u00e8 la sabbia delle spiagge pi\u00f9 belle con il cielo stellato come soffitto. C&#8217;\u00e8 chi ha avuto caldo e chi ha avuto freddo; chi ha trovato mare calmo e chi ha avuto un po&#8217; pi\u00f9 da fare; chi ha fatto il giro in kayak e chi l&#8217;ha fatto a piedi. E&#8217; stata una meravigliosa esperienza in un paesaggio vario e sempre bellissimo.<br \/><em>Altre foto saranno disponibili a breve nella galleria.<\/em><\/p>\t\t\t\t\t\t\t\t<\/div>\n\t\t\t\t<\/div>\n\t\t\t\t<div class=\"elementor-element elementor-element-7d69bfc elementor-widget elementor-widget-image\" data-id=\"7d69bfc\" data-element_type=\"widget\" data-widget_type=\"image.default\">\n\t\t\t\t<div class=\"elementor-widget-container\">\n\t\t\t\t\t\t\t\t\t\t\t\t\t\t\t<img fetchpriority=\"high\" decoding=\"async\" width=\"1024\" height=\"768\" src=\"https:\/\/www.canoa.ch\/wp-content\/uploads\/2025\/07\/Vuelta-1024x768.jpg\" class=\"attachment-large size-large wp-image-8265\" alt=\"\" srcset=\"https:\/\/www.canoa.ch\/wp-content\/uploads\/2025\/07\/Vuelta-1024x768.jpg 1024w, https:\/\/www.canoa.ch\/wp-content\/uploads\/2025\/07\/Vuelta-300x225.jpg 300w, https:\/\/www.canoa.ch\/wp-content\/uploads\/2025\/07\/Vuelta-150x113.jpg 150w, https:\/\/www.canoa.ch\/wp-content\/uploads\/2025\/07\/Vuelta-768x576.jpg 768w, https:\/\/www.canoa.ch\/wp-content\/uploads\/2025\/07\/Vuelta-1536x1152.jpg 1536w, https:\/\/www.canoa.ch\/wp-content\/uploads\/2025\/07\/Vuelta.jpg 1600w\" sizes=\"(max-width: 1024px) 100vw, 1024px\" \/>\t\t\t\t\t\t\t\t\t\t\t\t\t\t\t<\/div>\n\t\t\t\t<\/div>\n\t\t\t\t\t<\/div>\n\t\t\t\t<\/div>\n\t\t\t\t<\/div>\n\t\t","protected":false},"excerpt":{"rendered":"<p>Entrambi i gruppi hanno concluso la vuelta 8 giorni di navigazione, 161 Km percorsi, 7 notti nei &#8220;migliori hotel dell&#8217;isola&#8221;, cio\u00e8 la sabbia delle spiagge<a href=\"https:\/\/www.canoa.ch\/?p=8261\" class=\"more-link\"><span class=\"screen-reader-text\"> &#8220;Giro dell&#8217;isola di Minorca&#8221;<\/span><\/a><\/p>\n","protected":false},"author":1,"featured_media":8262,"comment_status":"closed","ping_status":"closed","sticky":false,"template":"","format":"standard","meta":{"footnotes":""},"categories":[94,14],"tags":[],"class_list":["post-8261","post","type-post","status-publish","format-standard","has-post-thumbnail","hentry","category-94","category-mare"],"_links":{"self":[{"href":"https:\/\/www.canoa.ch\/index.php?rest_route=\/wp\/v2\/posts\/8261","targetHints":{"allow":["GET"]}}],"collection":[{"href":"https:\/\/www.canoa.ch\/index.php?rest_route=\/wp\/v2\/posts"}],"about":[{"href":"https:\/\/www.canoa.ch\/index.php?rest_route=\/wp\/v2\/types\/post"}],"author":[{"embeddable":true,"href":"https:\/\/www.canoa.ch\/index.php?rest_route=\/wp\/v2\/users\/1"}],"replies":[{"embeddable":true,"href":"https:\/\/www.canoa.ch\/index.php?rest_route=%2Fwp%2Fv2%2Fcomments&post=8261"}],"version-history":[{"count":4,"href":"https:\/\/www.canoa.ch\/index.php?rest_route=\/wp\/v2\/posts\/8261\/revisions"}],"predecessor-version":[{"id":8268,"href":"https:\/\/www.canoa.ch\/index.php?rest_route=\/wp\/v2\/posts\/8261\/revisions\/8268"}],"wp:featuredmedia":[{"embeddable":true,"href":"https:\/\/www.canoa.ch\/index.php?rest_route=\/wp\/v2\/media\/8262"}],"wp:attachment":[{"href":"https:\/\/www.canoa.ch\/index.php?rest_route=%2Fwp%2Fv2%2Fmedia&parent=8261"}],"wp:term":[{"taxonomy":"category","embeddable":true,"href":"https:\/\/www.canoa.ch\/index.php?rest_route=%2Fwp%2Fv2%2Fcategories&post=8261"},{"taxonomy":"post_tag","embeddable":true,"href":"https:\/\/www.canoa.ch\/index.php?rest_route=%2Fwp%2Fv2%2Ftags&post=8261"}],"curies":[{"name":"wp","href":"https:\/\/api.w.org\/{rel}","templated":true}]}}