{"id":4446,"date":"2023-05-21T18:58:33","date_gmt":"2023-05-21T16:58:33","guid":{"rendered":"https:\/\/www.canoa.ch\/?p=4446"},"modified":"2023-06-20T00:20:45","modified_gmt":"2023-06-19T22:20:45","slug":"lavori-sulla-tresa-attenzione","status":"publish","type":"post","link":"https:\/\/www.canoa.ch\/?p=4446","title":{"rendered":"Lavori sulla Tresa &#8211; ATTENZIONE!"},"content":{"rendered":"\n<div class=\"wp-block-media-text alignwide is-stacked-on-mobile\" style=\"grid-template-columns:36% auto\"><figure class=\"wp-block-media-text__media\"><img fetchpriority=\"high\" decoding=\"async\" width=\"1525\" height=\"956\" src=\"https:\/\/www.canoa.ch\/wp-content\/uploads\/2023\/01\/Tresa.jpg\" alt=\"\" class=\"wp-image-4453 size-full\" srcset=\"https:\/\/www.canoa.ch\/wp-content\/uploads\/2023\/01\/Tresa.jpg 1525w, https:\/\/www.canoa.ch\/wp-content\/uploads\/2023\/01\/Tresa-300x188.jpg 300w, https:\/\/www.canoa.ch\/wp-content\/uploads\/2023\/01\/Tresa-1024x642.jpg 1024w, https:\/\/www.canoa.ch\/wp-content\/uploads\/2023\/01\/Tresa-150x94.jpg 150w, https:\/\/www.canoa.ch\/wp-content\/uploads\/2023\/01\/Tresa-768x481.jpg 768w\" sizes=\"(max-width: 1525px) 100vw, 1525px\" \/><\/figure><div class=\"wp-block-media-text__content\">\n<p class=\"has-normal-font-size\">La Tresa non sar\u00e0 navigabile sino almeno alla met\u00e0 di novembre. I lavori gi\u00e0 in corso sono pensati per preservare opere di interesse pubblico su entrambi i versanti, in particolare l&#8217;approvvigionamento d&#8217;acqua per una bella parte del Malcantone. L&#8217;argine verr\u00e0 rinforzato e il fondale rialzato tramite la costruzione di due rampe di massi di diversa dimensione. La prima rampa (quella pi\u00f9 a valle) \u00e8 appena stata ultimata e, vista con una portata gagliarda, sembra piuttosto interessante per noi. Resta da verificare come si presenta con una portata pi\u00f9 contenuta. Fra qualche settimana inizieranno i lavori per una rampa analoga pi\u00f9 a monte di quella ultimata.  Terremo regolarmente aggiornato questo post sull&#8217;avanzamento degli stessi.<br>Qui <a rel=\"noreferrer noopener\" href=\"https:\/\/map.geo.admin.ch\/?lang=it&amp;topic=ech&amp;bgLayer=ch.swisstopo.swissimage&amp;layers=ch.swisstopo.zeitreihen,ch.bfs.gebaeude_wohnungs_register,ch.bav.haltestellen-oev,KML%7C%7Chttps:%2F%2Fpublic.geo.admin.ch%2Fapi%2Fkml%2Ffiles%2FZioIHz24RPaGMc2UbIRzLA&amp;layers_visibility=false,false,false,true&amp;layers_timestamp=18641231,,,&amp;E=2707289.05&amp;N=1093862.78&amp;zoom=9\" data-type=\"URL\" data-id=\"https:\/\/map.geo.admin.ch\/?lang=it&amp;topic=ech&amp;bgLayer=ch.swisstopo.swissimage&amp;layers=ch.swisstopo.zeitreihen,ch.bfs.gebaeude_wohnungs_register,ch.bav.haltestellen-oev,KML%7C%7Chttps:%2F%2Fpublic.geo.admin.ch%2Fapi%2Fkml%2Ffiles%2FZioIHz24RPaGMc2UbIRzLA&amp;layers_visibility=false,false,false,true&amp;layers_timestamp=18641231,,,&amp;E=2707289.05&amp;N=1093862.78&amp;zoom=9\" target=\"_blank\">la cartina<\/a> con indicato approssimativamente l&#8217;inizio dell&#8217;area di cantiere.<\/p>\n<\/div><\/div>\n\n\n\n<p><\/p>\n","protected":false},"excerpt":{"rendered":"<p>La Tresa non sar\u00e0 navigabile sino almeno alla met\u00e0 di novembre. I lavori gi\u00e0 in corso sono pensati per preservare opere di interesse pubblico su<a href=\"https:\/\/www.canoa.ch\/?p=4446\" class=\"more-link\"><span class=\"screen-reader-text\"> &#8220;Lavori sulla Tresa &#8211; ATTENZIONE!&#8221;<\/span><\/a><\/p>\n","protected":false},"author":1,"featured_media":4448,"comment_status":"closed","ping_status":"closed","sticky":false,"template":"","format":"standard","meta":{"_angie_page":false,"page_builder":"","footnotes":""},"categories":[76,67,15],"tags":[],"class_list":["post-4446","post","type-post","status-publish","format-standard","has-post-thumbnail","hentry","category-76","category-avvisi","category-fiume"],"yoast_head":"<!-- This site is optimized with the Yoast SEO plugin v28.1 - https:\/\/yoast.com\/product\/yoast-seo-wordpress\/ -->\n<title>Lavori sulla Tresa - ATTENZIONE! - Gruppo Canoisti Ticinesi<\/title>\n<meta name=\"robots\" content=\"index, follow, max-snippet:-1, max-image-preview:large, max-video-preview:-1\" \/>\n<link rel=\"canonical\" href=\"https:\/\/www.canoa.ch\/?p=4446\" \/>\n<meta property=\"og:locale\" content=\"it_IT\" \/>\n<meta property=\"og:type\" content=\"article\" \/>\n<meta property=\"og:title\" content=\"Lavori sulla Tresa - ATTENZIONE! - Gruppo Canoisti Ticinesi\" \/>\n<meta property=\"og:description\" content=\"La Tresa non sar\u00e0 navigabile sino almeno alla met\u00e0 di novembre. I lavori gi\u00e0 in corso sono pensati per preservare opere di interesse pubblico su &quot;Lavori sulla Tresa &#8211; ATTENZIONE!&quot;\" \/>\n<meta property=\"og:url\" content=\"https:\/\/www.canoa.ch\/?p=4446\" \/>\n<meta property=\"og:site_name\" content=\"Gruppo Canoisti Ticinesi\" \/>\n<meta property=\"article:publisher\" content=\"https:\/\/www.facebook.com\/gruppocanoistiticinesi\/\" \/>\n<meta property=\"article:published_time\" content=\"2023-05-21T16:58:33+00:00\" \/>\n<meta property=\"article:modified_time\" content=\"2023-06-19T22:20:45+00:00\" \/>\n<meta property=\"og:image\" content=\"https:\/\/www.canoa.ch\/wp-content\/uploads\/2023\/01\/Foto-Progetto-Interreg-Fiume-Tresa.jpg\" \/>\n\t<meta property=\"og:image:width\" content=\"360\" \/>\n\t<meta property=\"og:image:height\" content=\"373\" \/>\n\t<meta property=\"og:image:type\" content=\"image\/jpeg\" \/>\n<meta name=\"author\" content=\"Laura\" \/>\n<meta name=\"twitter:card\" content=\"summary_large_image\" \/>\n<meta name=\"twitter:label1\" content=\"Scritto da\" \/>\n\t<meta name=\"twitter:data1\" content=\"Laura\" \/>\n\t<meta name=\"twitter:label2\" content=\"Tempo di lettura stimato\" \/>\n\t<meta name=\"twitter:data2\" content=\"1 minuto\" \/>\n<script type=\"application\/ld+json\" class=\"yoast-schema-graph\">{\"@context\":\"https:\\\/\\\/schema.org\",\"@graph\":[{\"@type\":\"Article\",\"@id\":\"https:\\\/\\\/www.canoa.ch\\\/?p=4446#article\",\"isPartOf\":{\"@id\":\"https:\\\/\\\/www.canoa.ch\\\/?p=4446\"},\"author\":{\"name\":\"Laura\",\"@id\":\"https:\\\/\\\/www.canoa.ch\\\/#\\\/schema\\\/person\\\/836208b56435f29445d93b82a5f9bf85\"},\"headline\":\"Lavori sulla Tresa &#8211; ATTENZIONE!\",\"datePublished\":\"2023-05-21T16:58:33+00:00\",\"dateModified\":\"2023-06-19T22:20:45+00:00\",\"mainEntityOfPage\":{\"@id\":\"https:\\\/\\\/www.canoa.ch\\\/?p=4446\"},\"wordCount\":133,\"publisher\":{\"@id\":\"https:\\\/\\\/www.canoa.ch\\\/#organization\"},\"image\":{\"@id\":\"https:\\\/\\\/www.canoa.ch\\\/?p=4446#primaryimage\"},\"thumbnailUrl\":\"https:\\\/\\\/www.canoa.ch\\\/wp-content\\\/uploads\\\/2023\\\/01\\\/Foto-Progetto-Interreg-Fiume-Tresa.jpg\",\"articleSection\":[\"2023\",\"Avvisi\",\"fiume\"],\"inLanguage\":\"it-IT\"},{\"@type\":\"WebPage\",\"@id\":\"https:\\\/\\\/www.canoa.ch\\\/?p=4446\",\"url\":\"https:\\\/\\\/www.canoa.ch\\\/?p=4446\",\"name\":\"Lavori sulla Tresa - ATTENZIONE! - Gruppo Canoisti Ticinesi\",\"isPartOf\":{\"@id\":\"https:\\\/\\\/www.canoa.ch\\\/#website\"},\"primaryImageOfPage\":{\"@id\":\"https:\\\/\\\/www.canoa.ch\\\/?p=4446#primaryimage\"},\"image\":{\"@id\":\"https:\\\/\\\/www.canoa.ch\\\/?p=4446#primaryimage\"},\"thumbnailUrl\":\"https:\\\/\\\/www.canoa.ch\\\/wp-content\\\/uploads\\\/2023\\\/01\\\/Foto-Progetto-Interreg-Fiume-Tresa.jpg\",\"datePublished\":\"2023-05-21T16:58:33+00:00\",\"dateModified\":\"2023-06-19T22:20:45+00:00\",\"breadcrumb\":{\"@id\":\"https:\\\/\\\/www.canoa.ch\\\/?p=4446#breadcrumb\"},\"inLanguage\":\"it-IT\",\"potentialAction\":[{\"@type\":\"ReadAction\",\"target\":[\"https:\\\/\\\/www.canoa.ch\\\/?p=4446\"]}]},{\"@type\":\"ImageObject\",\"inLanguage\":\"it-IT\",\"@id\":\"https:\\\/\\\/www.canoa.ch\\\/?p=4446#primaryimage\",\"url\":\"https:\\\/\\\/www.canoa.ch\\\/wp-content\\\/uploads\\\/2023\\\/01\\\/Foto-Progetto-Interreg-Fiume-Tresa.jpg\",\"contentUrl\":\"https:\\\/\\\/www.canoa.ch\\\/wp-content\\\/uploads\\\/2023\\\/01\\\/Foto-Progetto-Interreg-Fiume-Tresa.jpg\",\"width\":360,\"height\":373},{\"@type\":\"BreadcrumbList\",\"@id\":\"https:\\\/\\\/www.canoa.ch\\\/?p=4446#breadcrumb\",\"itemListElement\":[{\"@type\":\"ListItem\",\"position\":1,\"name\":\"Home\",\"item\":\"https:\\\/\\\/www.canoa.ch\\\/\"},{\"@type\":\"ListItem\",\"position\":2,\"name\":\"Lavori sulla Tresa &#8211; ATTENZIONE!\"}]},{\"@type\":\"WebSite\",\"@id\":\"https:\\\/\\\/www.canoa.ch\\\/#website\",\"url\":\"https:\\\/\\\/www.canoa.ch\\\/\",\"name\":\"Gruppo Canoisti Ticinesi\",\"description\":\"Canoa e kayak su laghi e fiumi\",\"publisher\":{\"@id\":\"https:\\\/\\\/www.canoa.ch\\\/#organization\"},\"potentialAction\":[{\"@type\":\"SearchAction\",\"target\":{\"@type\":\"EntryPoint\",\"urlTemplate\":\"https:\\\/\\\/www.canoa.ch\\\/?s={search_term_string}\"},\"query-input\":{\"@type\":\"PropertyValueSpecification\",\"valueRequired\":true,\"valueName\":\"search_term_string\"}}],\"inLanguage\":\"it-IT\"},{\"@type\":\"Organization\",\"@id\":\"https:\\\/\\\/www.canoa.ch\\\/#organization\",\"name\":\"Gruppo Canoisti Ticinesi\",\"url\":\"https:\\\/\\\/www.canoa.ch\\\/\",\"logo\":{\"@type\":\"ImageObject\",\"inLanguage\":\"it-IT\",\"@id\":\"https:\\\/\\\/www.canoa.ch\\\/#\\\/schema\\\/logo\\\/image\\\/\",\"url\":\"https:\\\/\\\/www.canoa.ch\\\/wp-content\\\/uploads\\\/2019\\\/01\\\/Logo-Gruppo-Canoisti-Tciniesi.png\",\"contentUrl\":\"https:\\\/\\\/www.canoa.ch\\\/wp-content\\\/uploads\\\/2019\\\/01\\\/Logo-Gruppo-Canoisti-Tciniesi.png\",\"width\":490,\"height\":490,\"caption\":\"Gruppo Canoisti Ticinesi\"},\"image\":{\"@id\":\"https:\\\/\\\/www.canoa.ch\\\/#\\\/schema\\\/logo\\\/image\\\/\"},\"sameAs\":[\"https:\\\/\\\/www.facebook.com\\\/gruppocanoistiticinesi\\\/\"]},{\"@type\":\"Person\",\"@id\":\"https:\\\/\\\/www.canoa.ch\\\/#\\\/schema\\\/person\\\/836208b56435f29445d93b82a5f9bf85\",\"name\":\"Laura\",\"image\":{\"@type\":\"ImageObject\",\"inLanguage\":\"it-IT\",\"@id\":\"https:\\\/\\\/secure.gravatar.com\\\/avatar\\\/eaa469e44b041c1f1f50aa88705ab7a8b355ad7d0f96a989d780551d7158e2a2?s=96&d=mm&r=g\",\"url\":\"https:\\\/\\\/secure.gravatar.com\\\/avatar\\\/eaa469e44b041c1f1f50aa88705ab7a8b355ad7d0f96a989d780551d7158e2a2?s=96&d=mm&r=g\",\"contentUrl\":\"https:\\\/\\\/secure.gravatar.com\\\/avatar\\\/eaa469e44b041c1f1f50aa88705ab7a8b355ad7d0f96a989d780551d7158e2a2?s=96&d=mm&r=g\",\"caption\":\"Laura\"},\"url\":\"https:\\\/\\\/www.canoa.ch\\\/?author=1\"}]}<\/script>\n<!-- \/ Yoast SEO plugin. -->","yoast_head_json":{"title":"Lavori sulla Tresa - ATTENZIONE! - Gruppo Canoisti Ticinesi","robots":{"index":"index","follow":"follow","max-snippet":"max-snippet:-1","max-image-preview":"max-image-preview:large","max-video-preview":"max-video-preview:-1"},"canonical":"https:\/\/www.canoa.ch\/?p=4446","og_locale":"it_IT","og_type":"article","og_title":"Lavori sulla Tresa - ATTENZIONE! - Gruppo Canoisti Ticinesi","og_description":"La Tresa non sar\u00e0 navigabile sino almeno alla met\u00e0 di novembre. I lavori gi\u00e0 in corso sono pensati per preservare opere di interesse pubblico su \"Lavori sulla Tresa &#8211; ATTENZIONE!\"","og_url":"https:\/\/www.canoa.ch\/?p=4446","og_site_name":"Gruppo Canoisti Ticinesi","article_publisher":"https:\/\/www.facebook.com\/gruppocanoistiticinesi\/","article_published_time":"2023-05-21T16:58:33+00:00","article_modified_time":"2023-06-19T22:20:45+00:00","og_image":[{"width":360,"height":373,"url":"https:\/\/www.canoa.ch\/wp-content\/uploads\/2023\/01\/Foto-Progetto-Interreg-Fiume-Tresa.jpg","type":"image\/jpeg"}],"author":"Laura","twitter_card":"summary_large_image","twitter_misc":{"Scritto da":"Laura","Tempo di lettura stimato":"1 minuto"},"schema":{"@context":"https:\/\/schema.org","@graph":[{"@type":"Article","@id":"https:\/\/www.canoa.ch\/?p=4446#article","isPartOf":{"@id":"https:\/\/www.canoa.ch\/?p=4446"},"author":{"name":"Laura","@id":"https:\/\/www.canoa.ch\/#\/schema\/person\/836208b56435f29445d93b82a5f9bf85"},"headline":"Lavori sulla Tresa &#8211; ATTENZIONE!","datePublished":"2023-05-21T16:58:33+00:00","dateModified":"2023-06-19T22:20:45+00:00","mainEntityOfPage":{"@id":"https:\/\/www.canoa.ch\/?p=4446"},"wordCount":133,"publisher":{"@id":"https:\/\/www.canoa.ch\/#organization"},"image":{"@id":"https:\/\/www.canoa.ch\/?p=4446#primaryimage"},"thumbnailUrl":"https:\/\/www.canoa.ch\/wp-content\/uploads\/2023\/01\/Foto-Progetto-Interreg-Fiume-Tresa.jpg","articleSection":["2023","Avvisi","fiume"],"inLanguage":"it-IT"},{"@type":"WebPage","@id":"https:\/\/www.canoa.ch\/?p=4446","url":"https:\/\/www.canoa.ch\/?p=4446","name":"Lavori sulla Tresa - ATTENZIONE! - Gruppo Canoisti Ticinesi","isPartOf":{"@id":"https:\/\/www.canoa.ch\/#website"},"primaryImageOfPage":{"@id":"https:\/\/www.canoa.ch\/?p=4446#primaryimage"},"image":{"@id":"https:\/\/www.canoa.ch\/?p=4446#primaryimage"},"thumbnailUrl":"https:\/\/www.canoa.ch\/wp-content\/uploads\/2023\/01\/Foto-Progetto-Interreg-Fiume-Tresa.jpg","datePublished":"2023-05-21T16:58:33+00:00","dateModified":"2023-06-19T22:20:45+00:00","breadcrumb":{"@id":"https:\/\/www.canoa.ch\/?p=4446#breadcrumb"},"inLanguage":"it-IT","potentialAction":[{"@type":"ReadAction","target":["https:\/\/www.canoa.ch\/?p=4446"]}]},{"@type":"ImageObject","inLanguage":"it-IT","@id":"https:\/\/www.canoa.ch\/?p=4446#primaryimage","url":"https:\/\/www.canoa.ch\/wp-content\/uploads\/2023\/01\/Foto-Progetto-Interreg-Fiume-Tresa.jpg","contentUrl":"https:\/\/www.canoa.ch\/wp-content\/uploads\/2023\/01\/Foto-Progetto-Interreg-Fiume-Tresa.jpg","width":360,"height":373},{"@type":"BreadcrumbList","@id":"https:\/\/www.canoa.ch\/?p=4446#breadcrumb","itemListElement":[{"@type":"ListItem","position":1,"name":"Home","item":"https:\/\/www.canoa.ch\/"},{"@type":"ListItem","position":2,"name":"Lavori sulla Tresa &#8211; ATTENZIONE!"}]},{"@type":"WebSite","@id":"https:\/\/www.canoa.ch\/#website","url":"https:\/\/www.canoa.ch\/","name":"Gruppo Canoisti Ticinesi","description":"Canoa e kayak su laghi e fiumi","publisher":{"@id":"https:\/\/www.canoa.ch\/#organization"},"potentialAction":[{"@type":"SearchAction","target":{"@type":"EntryPoint","urlTemplate":"https:\/\/www.canoa.ch\/?s={search_term_string}"},"query-input":{"@type":"PropertyValueSpecification","valueRequired":true,"valueName":"search_term_string"}}],"inLanguage":"it-IT"},{"@type":"Organization","@id":"https:\/\/www.canoa.ch\/#organization","name":"Gruppo Canoisti Ticinesi","url":"https:\/\/www.canoa.ch\/","logo":{"@type":"ImageObject","inLanguage":"it-IT","@id":"https:\/\/www.canoa.ch\/#\/schema\/logo\/image\/","url":"https:\/\/www.canoa.ch\/wp-content\/uploads\/2019\/01\/Logo-Gruppo-Canoisti-Tciniesi.png","contentUrl":"https:\/\/www.canoa.ch\/wp-content\/uploads\/2019\/01\/Logo-Gruppo-Canoisti-Tciniesi.png","width":490,"height":490,"caption":"Gruppo Canoisti Ticinesi"},"image":{"@id":"https:\/\/www.canoa.ch\/#\/schema\/logo\/image\/"},"sameAs":["https:\/\/www.facebook.com\/gruppocanoistiticinesi\/"]},{"@type":"Person","@id":"https:\/\/www.canoa.ch\/#\/schema\/person\/836208b56435f29445d93b82a5f9bf85","name":"Laura","image":{"@type":"ImageObject","inLanguage":"it-IT","@id":"https:\/\/secure.gravatar.com\/avatar\/eaa469e44b041c1f1f50aa88705ab7a8b355ad7d0f96a989d780551d7158e2a2?s=96&d=mm&r=g","url":"https:\/\/secure.gravatar.com\/avatar\/eaa469e44b041c1f1f50aa88705ab7a8b355ad7d0f96a989d780551d7158e2a2?s=96&d=mm&r=g","contentUrl":"https:\/\/secure.gravatar.com\/avatar\/eaa469e44b041c1f1f50aa88705ab7a8b355ad7d0f96a989d780551d7158e2a2?s=96&d=mm&r=g","caption":"Laura"},"url":"https:\/\/www.canoa.ch\/?author=1"}]}},"_links":{"self":[{"href":"https:\/\/www.canoa.ch\/index.php?rest_route=\/wp\/v2\/posts\/4446","targetHints":{"allow":["GET"]}}],"collection":[{"href":"https:\/\/www.canoa.ch\/index.php?rest_route=\/wp\/v2\/posts"}],"about":[{"href":"https:\/\/www.canoa.ch\/index.php?rest_route=\/wp\/v2\/types\/post"}],"author":[{"embeddable":true,"href":"https:\/\/www.canoa.ch\/index.php?rest_route=\/wp\/v2\/users\/1"}],"replies":[{"embeddable":true,"href":"https:\/\/www.canoa.ch\/index.php?rest_route=%2Fwp%2Fv2%2Fcomments&post=4446"}],"version-history":[{"count":11,"href":"https:\/\/www.canoa.ch\/index.php?rest_route=\/wp\/v2\/posts\/4446\/revisions"}],"predecessor-version":[{"id":4623,"href":"https:\/\/www.canoa.ch\/index.php?rest_route=\/wp\/v2\/posts\/4446\/revisions\/4623"}],"wp:featuredmedia":[{"embeddable":true,"href":"https:\/\/www.canoa.ch\/index.php?rest_route=\/wp\/v2\/media\/4448"}],"wp:attachment":[{"href":"https:\/\/www.canoa.ch\/index.php?rest_route=%2Fwp%2Fv2%2Fmedia&parent=4446"}],"wp:term":[{"taxonomy":"category","embeddable":true,"href":"https:\/\/www.canoa.ch\/index.php?rest_route=%2Fwp%2Fv2%2Fcategories&post=4446"},{"taxonomy":"post_tag","embeddable":true,"href":"https:\/\/www.canoa.ch\/index.php?rest_route=%2Fwp%2Fv2%2Ftags&post=4446"}],"curies":[{"name":"wp","href":"https:\/\/api.w.org\/{rel}","templated":true}]}}