{"id":3806,"date":"2022-12-16T23:38:03","date_gmt":"2022-12-16T22:38:03","guid":{"rendered":"https:\/\/www.canoa.ch\/?p=3806"},"modified":"2023-01-24T10:41:36","modified_gmt":"2023-01-24T09:41:36","slug":"piscina","status":"publish","type":"post","link":"https:\/\/www.canoa.ch\/?p=3806","title":{"rendered":"Piscina"},"content":{"rendered":"\n<p class=\"has-normal-font-size\">Come gi\u00e0 fatto l&#8217;anno scorso, proponiamo una doppia offerta per la piscina: Bellinzona per i corsi eskimo e allenamento individuale il gioved\u00ec, e Ascona per i ragazzi e per chi volesse fare dell&#8217;allenamento individuale il venerd\u00ec.<\/p>\n\n\n\n<div class=\"wp-block-media-text alignwide is-stacked-on-mobile\" style=\"grid-template-columns:35% auto\"><figure class=\"wp-block-media-text__media\"><img fetchpriority=\"high\" decoding=\"async\" width=\"259\" height=\"194\" src=\"https:\/\/www.canoa.ch\/wp-content\/uploads\/2020\/01\/eskimo.jpg\" alt=\"\" class=\"wp-image-2468 size-full\" srcset=\"https:\/\/www.canoa.ch\/wp-content\/uploads\/2020\/01\/eskimo.jpg 259w, https:\/\/www.canoa.ch\/wp-content\/uploads\/2020\/01\/eskimo-150x112.jpg 150w\" sizes=\"(max-width: 259px) 100vw, 259px\" \/><\/figure><div class=\"wp-block-media-text__content\">\n<div class=\"wp-block-group\"><div class=\"wp-block-group__inner-container is-layout-flow wp-block-group-is-layout-flow\">\n<div class=\"wp-block-group\"><div class=\"wp-block-group__inner-container is-layout-flow wp-block-group-is-layout-flow\">\n<h4 class=\"wp-block-heading\"><strong>Bellinzona, piscina coperta comunale<\/strong>: <\/h4>\n\n\n\n<p>ogni gioved\u00ec dalle 20.00 alle 22.00. Allenamento individuale in canoa o nuoto libero a partire dal 19 gennaio, escluse le vacanze scolastiche. Parallelamente avranno luogo i due corsi per imparare l&#8217;eskimo.<\/p>\n<\/div><\/div>\n<\/div><\/div>\n\n\n\n<h4 class=\"wp-block-heading\"><strong>Ascona, piscina del Collegio Papio<\/strong>: <\/h4>\n\n\n\n<p>ogni venerd\u00ec dalle 19.00 alle 20.30 (escluse le vacanze scolastiche) l&#8217;attivit\u00e0 \u00e8 gi\u00e0 iniziata. Solo per ragazzi e allenamento individuale. Contattare Luca <em>lucapanziera82 (@) gmail.com<\/em> per pianificare la disponibilit\u00e0 delle barche.<\/p>\n<\/div><\/div>\n\n\n\n<h4 class=\"wp-block-heading\"><strong>Corsi eskimo<\/strong>:<\/h4>\n\n\n\n<p>primo corso: dal 19 gennaio al 16 febbraio (5 serate)<br>secondo corso: dal 2 marzo al 30 marzo (5 serate)<br>iscrizione al pi\u00f9 presto possibile (posti limitati) a <em>avv.molteni (@) bluewin.ch<\/em><br>Costi: Soci CHF 120.&#8211;, non soci CHF 150.&#8211; da versare sul conto del club <br>CCP 65-6500-0 (Gruppo Canoisti Ticinesi \u2013 6500 Bellinzona);&nbsp;IBAN CH78 0900 0000 6500 6500 0<\/p>\n\n\n\n<h4 class=\"wp-block-heading\"><strong>Materiale didattico<\/strong>: <\/h4>\n\n\n\n<p><a rel=\"noreferrer noopener\" href=\"https:\/\/www.youtube.com\/watch?v=ZmSdHEFMkuM\" data-type=\"URL\" data-id=\"https:\/\/www.youtube.com\/watch?v=ZmSdHEFMkuM\" target=\"_blank\">l&#8217;eskimo vissuto in prima persona dal nostro socio Fabio <\/a><br><a rel=\"noreferrer noopener\" href=\"https:\/\/www.youtube.com\/watch?v=aRdmQxb1tXM\" data-type=\"URL\" data-id=\"https:\/\/www.youtube.com\/watch?v=aRdmQxb1tXM\" target=\"_blank\">l&#8217;eskimo in due parole, affinch\u00e9 sembri facile<\/a> <br><a rel=\"noreferrer noopener\" href=\"https:\/\/www.youtube.com\/watch?v=PvW8SGNiJ9c\" data-type=\"URL\" data-id=\"https:\/\/www.youtube.com\/watch?v=PvW8SGNiJ9c\" target=\"_blank\">i maghi della tradizione groenlandese<\/a><\/p>\n","protected":false},"excerpt":{"rendered":"<p>Come gi\u00e0 fatto l&#8217;anno scorso, proponiamo una doppia offerta per la piscina: Bellinzona per i corsi eskimo e allenamento individuale il gioved\u00ec, e Ascona per<a href=\"https:\/\/www.canoa.ch\/?p=3806\" class=\"more-link\"><span class=\"screen-reader-text\"> &#8220;Piscina&#8221;<\/span><\/a><\/p>\n","protected":false},"author":1,"featured_media":3733,"comment_status":"closed","ping_status":"closed","sticky":false,"template":"","format":"standard","meta":{"_angie_page":false,"page_builder":"","footnotes":""},"categories":[73,75,24,15,13],"tags":[],"class_list":["post-3806","post","type-post","status-publish","format-standard","has-post-thumbnail","hentry","category-73","category-corsi","category-eskimo","category-fiume","category-lago"],"yoast_head":"<!-- This site is optimized with the Yoast SEO plugin v28.1 - https:\/\/yoast.com\/product\/yoast-seo-wordpress\/ -->\n<title>Piscina - Gruppo Canoisti Ticinesi<\/title>\n<meta name=\"robots\" content=\"index, follow, max-snippet:-1, max-image-preview:large, max-video-preview:-1\" \/>\n<link rel=\"canonical\" href=\"https:\/\/www.canoa.ch\/?p=3806\" \/>\n<meta property=\"og:locale\" content=\"it_IT\" \/>\n<meta property=\"og:type\" content=\"article\" \/>\n<meta property=\"og:title\" content=\"Piscina - Gruppo Canoisti Ticinesi\" \/>\n<meta property=\"og:description\" content=\"Come gi\u00e0 fatto l&#8217;anno scorso, proponiamo una doppia offerta per la piscina: Bellinzona per i corsi eskimo e allenamento individuale il gioved\u00ec, e Ascona per &quot;Piscina&quot;\" \/>\n<meta property=\"og:url\" content=\"https:\/\/www.canoa.ch\/?p=3806\" \/>\n<meta property=\"og:site_name\" content=\"Gruppo Canoisti Ticinesi\" \/>\n<meta property=\"article:publisher\" content=\"https:\/\/www.facebook.com\/gruppocanoistiticinesi\/\" \/>\n<meta property=\"article:published_time\" content=\"2022-12-16T22:38:03+00:00\" \/>\n<meta property=\"article:modified_time\" content=\"2023-01-24T09:41:36+00:00\" \/>\n<meta property=\"og:image\" content=\"https:\/\/www.canoa.ch\/wp-content\/uploads\/2021\/11\/IMG_6687-scaled.jpg\" \/>\n\t<meta property=\"og:image:width\" content=\"1920\" \/>\n\t<meta property=\"og:image:height\" content=\"2560\" \/>\n\t<meta property=\"og:image:type\" content=\"image\/jpeg\" \/>\n<meta name=\"author\" content=\"Laura\" \/>\n<meta name=\"twitter:card\" content=\"summary_large_image\" \/>\n<meta name=\"twitter:label1\" content=\"Scritto da\" \/>\n\t<meta name=\"twitter:data1\" content=\"Laura\" \/>\n\t<meta name=\"twitter:label2\" content=\"Tempo di lettura stimato\" \/>\n\t<meta name=\"twitter:data2\" content=\"1 minuto\" \/>\n<script type=\"application\/ld+json\" class=\"yoast-schema-graph\">{\"@context\":\"https:\\\/\\\/schema.org\",\"@graph\":[{\"@type\":\"Article\",\"@id\":\"https:\\\/\\\/www.canoa.ch\\\/?p=3806#article\",\"isPartOf\":{\"@id\":\"https:\\\/\\\/www.canoa.ch\\\/?p=3806\"},\"author\":{\"name\":\"Laura\",\"@id\":\"https:\\\/\\\/www.canoa.ch\\\/#\\\/schema\\\/person\\\/836208b56435f29445d93b82a5f9bf85\"},\"headline\":\"Piscina\",\"datePublished\":\"2022-12-16T22:38:03+00:00\",\"dateModified\":\"2023-01-24T09:41:36+00:00\",\"mainEntityOfPage\":{\"@id\":\"https:\\\/\\\/www.canoa.ch\\\/?p=3806\"},\"wordCount\":183,\"publisher\":{\"@id\":\"https:\\\/\\\/www.canoa.ch\\\/#organization\"},\"image\":{\"@id\":\"https:\\\/\\\/www.canoa.ch\\\/?p=3806#primaryimage\"},\"thumbnailUrl\":\"https:\\\/\\\/www.canoa.ch\\\/wp-content\\\/uploads\\\/2021\\\/11\\\/IMG_6687-scaled.jpg\",\"articleSection\":[\"2022\",\"Corsi\",\"eskimo\",\"fiume\",\"lago\"],\"inLanguage\":\"it-IT\"},{\"@type\":\"WebPage\",\"@id\":\"https:\\\/\\\/www.canoa.ch\\\/?p=3806\",\"url\":\"https:\\\/\\\/www.canoa.ch\\\/?p=3806\",\"name\":\"Piscina - Gruppo Canoisti Ticinesi\",\"isPartOf\":{\"@id\":\"https:\\\/\\\/www.canoa.ch\\\/#website\"},\"primaryImageOfPage\":{\"@id\":\"https:\\\/\\\/www.canoa.ch\\\/?p=3806#primaryimage\"},\"image\":{\"@id\":\"https:\\\/\\\/www.canoa.ch\\\/?p=3806#primaryimage\"},\"thumbnailUrl\":\"https:\\\/\\\/www.canoa.ch\\\/wp-content\\\/uploads\\\/2021\\\/11\\\/IMG_6687-scaled.jpg\",\"datePublished\":\"2022-12-16T22:38:03+00:00\",\"dateModified\":\"2023-01-24T09:41:36+00:00\",\"breadcrumb\":{\"@id\":\"https:\\\/\\\/www.canoa.ch\\\/?p=3806#breadcrumb\"},\"inLanguage\":\"it-IT\",\"potentialAction\":[{\"@type\":\"ReadAction\",\"target\":[\"https:\\\/\\\/www.canoa.ch\\\/?p=3806\"]}]},{\"@type\":\"ImageObject\",\"inLanguage\":\"it-IT\",\"@id\":\"https:\\\/\\\/www.canoa.ch\\\/?p=3806#primaryimage\",\"url\":\"https:\\\/\\\/www.canoa.ch\\\/wp-content\\\/uploads\\\/2021\\\/11\\\/IMG_6687-scaled.jpg\",\"contentUrl\":\"https:\\\/\\\/www.canoa.ch\\\/wp-content\\\/uploads\\\/2021\\\/11\\\/IMG_6687-scaled.jpg\",\"width\":1920,\"height\":2560,\"caption\":\"Parco del Ticino\"},{\"@type\":\"BreadcrumbList\",\"@id\":\"https:\\\/\\\/www.canoa.ch\\\/?p=3806#breadcrumb\",\"itemListElement\":[{\"@type\":\"ListItem\",\"position\":1,\"name\":\"Home\",\"item\":\"https:\\\/\\\/www.canoa.ch\\\/\"},{\"@type\":\"ListItem\",\"position\":2,\"name\":\"Piscina\"}]},{\"@type\":\"WebSite\",\"@id\":\"https:\\\/\\\/www.canoa.ch\\\/#website\",\"url\":\"https:\\\/\\\/www.canoa.ch\\\/\",\"name\":\"Gruppo Canoisti Ticinesi\",\"description\":\"Canoa e kayak su laghi e fiumi\",\"publisher\":{\"@id\":\"https:\\\/\\\/www.canoa.ch\\\/#organization\"},\"potentialAction\":[{\"@type\":\"SearchAction\",\"target\":{\"@type\":\"EntryPoint\",\"urlTemplate\":\"https:\\\/\\\/www.canoa.ch\\\/?s={search_term_string}\"},\"query-input\":{\"@type\":\"PropertyValueSpecification\",\"valueRequired\":true,\"valueName\":\"search_term_string\"}}],\"inLanguage\":\"it-IT\"},{\"@type\":\"Organization\",\"@id\":\"https:\\\/\\\/www.canoa.ch\\\/#organization\",\"name\":\"Gruppo Canoisti Ticinesi\",\"url\":\"https:\\\/\\\/www.canoa.ch\\\/\",\"logo\":{\"@type\":\"ImageObject\",\"inLanguage\":\"it-IT\",\"@id\":\"https:\\\/\\\/www.canoa.ch\\\/#\\\/schema\\\/logo\\\/image\\\/\",\"url\":\"https:\\\/\\\/www.canoa.ch\\\/wp-content\\\/uploads\\\/2019\\\/01\\\/Logo-Gruppo-Canoisti-Tciniesi.png\",\"contentUrl\":\"https:\\\/\\\/www.canoa.ch\\\/wp-content\\\/uploads\\\/2019\\\/01\\\/Logo-Gruppo-Canoisti-Tciniesi.png\",\"width\":490,\"height\":490,\"caption\":\"Gruppo Canoisti Ticinesi\"},\"image\":{\"@id\":\"https:\\\/\\\/www.canoa.ch\\\/#\\\/schema\\\/logo\\\/image\\\/\"},\"sameAs\":[\"https:\\\/\\\/www.facebook.com\\\/gruppocanoistiticinesi\\\/\"]},{\"@type\":\"Person\",\"@id\":\"https:\\\/\\\/www.canoa.ch\\\/#\\\/schema\\\/person\\\/836208b56435f29445d93b82a5f9bf85\",\"name\":\"Laura\",\"image\":{\"@type\":\"ImageObject\",\"inLanguage\":\"it-IT\",\"@id\":\"https:\\\/\\\/secure.gravatar.com\\\/avatar\\\/eaa469e44b041c1f1f50aa88705ab7a8b355ad7d0f96a989d780551d7158e2a2?s=96&d=mm&r=g\",\"url\":\"https:\\\/\\\/secure.gravatar.com\\\/avatar\\\/eaa469e44b041c1f1f50aa88705ab7a8b355ad7d0f96a989d780551d7158e2a2?s=96&d=mm&r=g\",\"contentUrl\":\"https:\\\/\\\/secure.gravatar.com\\\/avatar\\\/eaa469e44b041c1f1f50aa88705ab7a8b355ad7d0f96a989d780551d7158e2a2?s=96&d=mm&r=g\",\"caption\":\"Laura\"},\"url\":\"https:\\\/\\\/www.canoa.ch\\\/?author=1\"}]}<\/script>\n<!-- \/ Yoast SEO plugin. -->","yoast_head_json":{"title":"Piscina - Gruppo Canoisti Ticinesi","robots":{"index":"index","follow":"follow","max-snippet":"max-snippet:-1","max-image-preview":"max-image-preview:large","max-video-preview":"max-video-preview:-1"},"canonical":"https:\/\/www.canoa.ch\/?p=3806","og_locale":"it_IT","og_type":"article","og_title":"Piscina - Gruppo Canoisti Ticinesi","og_description":"Come gi\u00e0 fatto l&#8217;anno scorso, proponiamo una doppia offerta per la piscina: Bellinzona per i corsi eskimo e allenamento individuale il gioved\u00ec, e Ascona per \"Piscina\"","og_url":"https:\/\/www.canoa.ch\/?p=3806","og_site_name":"Gruppo Canoisti Ticinesi","article_publisher":"https:\/\/www.facebook.com\/gruppocanoistiticinesi\/","article_published_time":"2022-12-16T22:38:03+00:00","article_modified_time":"2023-01-24T09:41:36+00:00","og_image":[{"width":1920,"height":2560,"url":"https:\/\/www.canoa.ch\/wp-content\/uploads\/2021\/11\/IMG_6687-scaled.jpg","type":"image\/jpeg"}],"author":"Laura","twitter_card":"summary_large_image","twitter_misc":{"Scritto da":"Laura","Tempo di lettura stimato":"1 minuto"},"schema":{"@context":"https:\/\/schema.org","@graph":[{"@type":"Article","@id":"https:\/\/www.canoa.ch\/?p=3806#article","isPartOf":{"@id":"https:\/\/www.canoa.ch\/?p=3806"},"author":{"name":"Laura","@id":"https:\/\/www.canoa.ch\/#\/schema\/person\/836208b56435f29445d93b82a5f9bf85"},"headline":"Piscina","datePublished":"2022-12-16T22:38:03+00:00","dateModified":"2023-01-24T09:41:36+00:00","mainEntityOfPage":{"@id":"https:\/\/www.canoa.ch\/?p=3806"},"wordCount":183,"publisher":{"@id":"https:\/\/www.canoa.ch\/#organization"},"image":{"@id":"https:\/\/www.canoa.ch\/?p=3806#primaryimage"},"thumbnailUrl":"https:\/\/www.canoa.ch\/wp-content\/uploads\/2021\/11\/IMG_6687-scaled.jpg","articleSection":["2022","Corsi","eskimo","fiume","lago"],"inLanguage":"it-IT"},{"@type":"WebPage","@id":"https:\/\/www.canoa.ch\/?p=3806","url":"https:\/\/www.canoa.ch\/?p=3806","name":"Piscina - Gruppo Canoisti Ticinesi","isPartOf":{"@id":"https:\/\/www.canoa.ch\/#website"},"primaryImageOfPage":{"@id":"https:\/\/www.canoa.ch\/?p=3806#primaryimage"},"image":{"@id":"https:\/\/www.canoa.ch\/?p=3806#primaryimage"},"thumbnailUrl":"https:\/\/www.canoa.ch\/wp-content\/uploads\/2021\/11\/IMG_6687-scaled.jpg","datePublished":"2022-12-16T22:38:03+00:00","dateModified":"2023-01-24T09:41:36+00:00","breadcrumb":{"@id":"https:\/\/www.canoa.ch\/?p=3806#breadcrumb"},"inLanguage":"it-IT","potentialAction":[{"@type":"ReadAction","target":["https:\/\/www.canoa.ch\/?p=3806"]}]},{"@type":"ImageObject","inLanguage":"it-IT","@id":"https:\/\/www.canoa.ch\/?p=3806#primaryimage","url":"https:\/\/www.canoa.ch\/wp-content\/uploads\/2021\/11\/IMG_6687-scaled.jpg","contentUrl":"https:\/\/www.canoa.ch\/wp-content\/uploads\/2021\/11\/IMG_6687-scaled.jpg","width":1920,"height":2560,"caption":"Parco del Ticino"},{"@type":"BreadcrumbList","@id":"https:\/\/www.canoa.ch\/?p=3806#breadcrumb","itemListElement":[{"@type":"ListItem","position":1,"name":"Home","item":"https:\/\/www.canoa.ch\/"},{"@type":"ListItem","position":2,"name":"Piscina"}]},{"@type":"WebSite","@id":"https:\/\/www.canoa.ch\/#website","url":"https:\/\/www.canoa.ch\/","name":"Gruppo Canoisti Ticinesi","description":"Canoa e kayak su laghi e fiumi","publisher":{"@id":"https:\/\/www.canoa.ch\/#organization"},"potentialAction":[{"@type":"SearchAction","target":{"@type":"EntryPoint","urlTemplate":"https:\/\/www.canoa.ch\/?s={search_term_string}"},"query-input":{"@type":"PropertyValueSpecification","valueRequired":true,"valueName":"search_term_string"}}],"inLanguage":"it-IT"},{"@type":"Organization","@id":"https:\/\/www.canoa.ch\/#organization","name":"Gruppo Canoisti Ticinesi","url":"https:\/\/www.canoa.ch\/","logo":{"@type":"ImageObject","inLanguage":"it-IT","@id":"https:\/\/www.canoa.ch\/#\/schema\/logo\/image\/","url":"https:\/\/www.canoa.ch\/wp-content\/uploads\/2019\/01\/Logo-Gruppo-Canoisti-Tciniesi.png","contentUrl":"https:\/\/www.canoa.ch\/wp-content\/uploads\/2019\/01\/Logo-Gruppo-Canoisti-Tciniesi.png","width":490,"height":490,"caption":"Gruppo Canoisti Ticinesi"},"image":{"@id":"https:\/\/www.canoa.ch\/#\/schema\/logo\/image\/"},"sameAs":["https:\/\/www.facebook.com\/gruppocanoistiticinesi\/"]},{"@type":"Person","@id":"https:\/\/www.canoa.ch\/#\/schema\/person\/836208b56435f29445d93b82a5f9bf85","name":"Laura","image":{"@type":"ImageObject","inLanguage":"it-IT","@id":"https:\/\/secure.gravatar.com\/avatar\/eaa469e44b041c1f1f50aa88705ab7a8b355ad7d0f96a989d780551d7158e2a2?s=96&d=mm&r=g","url":"https:\/\/secure.gravatar.com\/avatar\/eaa469e44b041c1f1f50aa88705ab7a8b355ad7d0f96a989d780551d7158e2a2?s=96&d=mm&r=g","contentUrl":"https:\/\/secure.gravatar.com\/avatar\/eaa469e44b041c1f1f50aa88705ab7a8b355ad7d0f96a989d780551d7158e2a2?s=96&d=mm&r=g","caption":"Laura"},"url":"https:\/\/www.canoa.ch\/?author=1"}]}},"_links":{"self":[{"href":"https:\/\/www.canoa.ch\/index.php?rest_route=\/wp\/v2\/posts\/3806","targetHints":{"allow":["GET"]}}],"collection":[{"href":"https:\/\/www.canoa.ch\/index.php?rest_route=\/wp\/v2\/posts"}],"about":[{"href":"https:\/\/www.canoa.ch\/index.php?rest_route=\/wp\/v2\/types\/post"}],"author":[{"embeddable":true,"href":"https:\/\/www.canoa.ch\/index.php?rest_route=\/wp\/v2\/users\/1"}],"replies":[{"embeddable":true,"href":"https:\/\/www.canoa.ch\/index.php?rest_route=%2Fwp%2Fv2%2Fcomments&post=3806"}],"version-history":[{"count":15,"href":"https:\/\/www.canoa.ch\/index.php?rest_route=\/wp\/v2\/posts\/3806\/revisions"}],"predecessor-version":[{"id":4472,"href":"https:\/\/www.canoa.ch\/index.php?rest_route=\/wp\/v2\/posts\/3806\/revisions\/4472"}],"wp:featuredmedia":[{"embeddable":true,"href":"https:\/\/www.canoa.ch\/index.php?rest_route=\/wp\/v2\/media\/3733"}],"wp:attachment":[{"href":"https:\/\/www.canoa.ch\/index.php?rest_route=%2Fwp%2Fv2%2Fmedia&parent=3806"}],"wp:term":[{"taxonomy":"category","embeddable":true,"href":"https:\/\/www.canoa.ch\/index.php?rest_route=%2Fwp%2Fv2%2Fcategories&post=3806"},{"taxonomy":"post_tag","embeddable":true,"href":"https:\/\/www.canoa.ch\/index.php?rest_route=%2Fwp%2Fv2%2Ftags&post=3806"}],"curies":[{"name":"wp","href":"https:\/\/api.w.org\/{rel}","templated":true}]}}