{"id":3658,"date":"2021-09-21T00:28:58","date_gmt":"2021-09-20T22:28:58","guid":{"rendered":"https:\/\/www.canoa.ch\/?p=3658"},"modified":"2021-09-21T00:31:53","modified_gmt":"2021-09-20T22:31:53","slug":"non-bravi-bravissimi","status":"publish","type":"post","link":"https:\/\/www.canoa.ch\/?p=3658","title":{"rendered":"Non bravi, bravissimi!!!"},"content":{"rendered":"\n<div class=\"wp-block-media-text alignwide is-stacked-on-mobile\"><figure class=\"wp-block-media-text__media\"><img fetchpriority=\"high\" decoding=\"async\" width=\"1024\" height=\"768\" src=\"https:\/\/www.canoa.ch\/wp-content\/uploads\/2021\/09\/junior-prima-1024x768.jpg\" alt=\"\" class=\"wp-image-3659 size-full\" srcset=\"https:\/\/www.canoa.ch\/wp-content\/uploads\/2021\/09\/junior-prima-1024x768.jpg 1024w, https:\/\/www.canoa.ch\/wp-content\/uploads\/2021\/09\/junior-prima-300x225.jpg 300w, https:\/\/www.canoa.ch\/wp-content\/uploads\/2021\/09\/junior-prima-150x113.jpg 150w, https:\/\/www.canoa.ch\/wp-content\/uploads\/2021\/09\/junior-prima-768x576.jpg 768w, https:\/\/www.canoa.ch\/wp-content\/uploads\/2021\/09\/junior-prima-1536x1152.jpg 1536w, https:\/\/www.canoa.ch\/wp-content\/uploads\/2021\/09\/junior-prima.jpg 2016w\" sizes=\"(max-width: 1024px) 100vw, 1024px\" \/><\/figure><div class=\"wp-block-media-text__content\">\n<p class=\"has-normal-font-size\">Tutti sul podio! S\u00ec, proprio cos\u00ec, tutti sul podio!!! I nostri ragazzi e l&#8217;altro &#8211; quello un po&#8217; pi\u00f9 grandicello con la barba &#8211; hanno hanno fatto meraviglie al Reuss-Trophy 2021 organizzato dai Solothurner Kayakfahrer. Di seguito la classifica dei nostri: <br>K1 Senioren: 1. Francesco D&#8217;Alesio<br>K1 Sch\u00fcler: 2. Rocco Scacchi, 3. Cesare Mancini<br>K1 Sch\u00fclerinnen: 2. Carlotta Mancini<br>Tutto il club vi applaude!<\/p>\n<\/div><\/div>\n\n\n\n<p class=\"has-text-align-left\">54 Rocco Scacchi, 42 Francesco D&#8217;Alesio, <br>55 Cesare Mancini, 64 Carlotta Mancini<\/p>\n","protected":false},"excerpt":{"rendered":"<p>Tutti sul podio! S\u00ec, proprio cos\u00ec, tutti sul podio!!! I nostri ragazzi e l&#8217;altro &#8211; quello un po&#8217; pi\u00f9 grandicello con la barba &#8211; hanno<a href=\"https:\/\/www.canoa.ch\/?p=3658\" class=\"more-link\"><span class=\"screen-reader-text\"> &#8220;Non bravi, bravissimi!!!&#8221;<\/span><\/a><\/p>\n","protected":false},"author":1,"featured_media":3660,"comment_status":"closed","ping_status":"closed","sticky":false,"template":"","format":"standard","meta":{"_angie_page":false,"page_builder":"","footnotes":""},"categories":[72,15,70],"tags":[],"class_list":["post-3658","post","type-post","status-publish","format-standard","has-post-thumbnail","hentry","category-72","category-fiume","category-giovani"],"yoast_head":"<!-- This site is optimized with the Yoast SEO plugin v28.1 - https:\/\/yoast.com\/product\/yoast-seo-wordpress\/ -->\n<title>Non bravi, bravissimi!!! - Gruppo Canoisti Ticinesi<\/title>\n<meta name=\"robots\" content=\"index, follow, max-snippet:-1, max-image-preview:large, max-video-preview:-1\" \/>\n<link rel=\"canonical\" href=\"https:\/\/www.canoa.ch\/?p=3658\" \/>\n<meta property=\"og:locale\" content=\"it_IT\" \/>\n<meta property=\"og:type\" content=\"article\" \/>\n<meta property=\"og:title\" content=\"Non bravi, bravissimi!!! - Gruppo Canoisti Ticinesi\" \/>\n<meta property=\"og:description\" content=\"Tutti sul podio! S\u00ec, proprio cos\u00ec, tutti sul podio!!! I nostri ragazzi e l&#8217;altro &#8211; quello un po&#8217; pi\u00f9 grandicello con la barba &#8211; hanno &quot;Non bravi, bravissimi!!!&quot;\" \/>\n<meta property=\"og:url\" content=\"https:\/\/www.canoa.ch\/?p=3658\" \/>\n<meta property=\"og:site_name\" content=\"Gruppo Canoisti Ticinesi\" \/>\n<meta property=\"article:publisher\" content=\"https:\/\/www.facebook.com\/gruppocanoistiticinesi\/\" \/>\n<meta property=\"article:published_time\" content=\"2021-09-20T22:28:58+00:00\" \/>\n<meta property=\"article:modified_time\" content=\"2021-09-20T22:31:53+00:00\" \/>\n<meta property=\"og:image\" content=\"https:\/\/www.canoa.ch\/wp-content\/uploads\/2021\/09\/junior.jpg\" \/>\n\t<meta property=\"og:image:width\" content=\"2016\" \/>\n\t<meta property=\"og:image:height\" content=\"1512\" \/>\n\t<meta property=\"og:image:type\" content=\"image\/jpeg\" \/>\n<meta name=\"author\" content=\"Laura\" \/>\n<meta name=\"twitter:card\" content=\"summary_large_image\" \/>\n<meta name=\"twitter:label1\" content=\"Scritto da\" \/>\n\t<meta name=\"twitter:data1\" content=\"Laura\" \/>\n<script type=\"application\/ld+json\" class=\"yoast-schema-graph\">{\"@context\":\"https:\\\/\\\/schema.org\",\"@graph\":[{\"@type\":\"Article\",\"@id\":\"https:\\\/\\\/www.canoa.ch\\\/?p=3658#article\",\"isPartOf\":{\"@id\":\"https:\\\/\\\/www.canoa.ch\\\/?p=3658\"},\"author\":{\"name\":\"Laura\",\"@id\":\"https:\\\/\\\/www.canoa.ch\\\/#\\\/schema\\\/person\\\/836208b56435f29445d93b82a5f9bf85\"},\"headline\":\"Non bravi, bravissimi!!!\",\"datePublished\":\"2021-09-20T22:28:58+00:00\",\"dateModified\":\"2021-09-20T22:31:53+00:00\",\"mainEntityOfPage\":{\"@id\":\"https:\\\/\\\/www.canoa.ch\\\/?p=3658\"},\"wordCount\":72,\"publisher\":{\"@id\":\"https:\\\/\\\/www.canoa.ch\\\/#organization\"},\"image\":{\"@id\":\"https:\\\/\\\/www.canoa.ch\\\/?p=3658#primaryimage\"},\"thumbnailUrl\":\"https:\\\/\\\/www.canoa.ch\\\/wp-content\\\/uploads\\\/2021\\\/09\\\/junior.jpg\",\"articleSection\":[\"2021\",\"fiume\",\"Giovani\"],\"inLanguage\":\"it-IT\"},{\"@type\":\"WebPage\",\"@id\":\"https:\\\/\\\/www.canoa.ch\\\/?p=3658\",\"url\":\"https:\\\/\\\/www.canoa.ch\\\/?p=3658\",\"name\":\"Non bravi, bravissimi!!! - Gruppo Canoisti Ticinesi\",\"isPartOf\":{\"@id\":\"https:\\\/\\\/www.canoa.ch\\\/#website\"},\"primaryImageOfPage\":{\"@id\":\"https:\\\/\\\/www.canoa.ch\\\/?p=3658#primaryimage\"},\"image\":{\"@id\":\"https:\\\/\\\/www.canoa.ch\\\/?p=3658#primaryimage\"},\"thumbnailUrl\":\"https:\\\/\\\/www.canoa.ch\\\/wp-content\\\/uploads\\\/2021\\\/09\\\/junior.jpg\",\"datePublished\":\"2021-09-20T22:28:58+00:00\",\"dateModified\":\"2021-09-20T22:31:53+00:00\",\"breadcrumb\":{\"@id\":\"https:\\\/\\\/www.canoa.ch\\\/?p=3658#breadcrumb\"},\"inLanguage\":\"it-IT\",\"potentialAction\":[{\"@type\":\"ReadAction\",\"target\":[\"https:\\\/\\\/www.canoa.ch\\\/?p=3658\"]}]},{\"@type\":\"ImageObject\",\"inLanguage\":\"it-IT\",\"@id\":\"https:\\\/\\\/www.canoa.ch\\\/?p=3658#primaryimage\",\"url\":\"https:\\\/\\\/www.canoa.ch\\\/wp-content\\\/uploads\\\/2021\\\/09\\\/junior.jpg\",\"contentUrl\":\"https:\\\/\\\/www.canoa.ch\\\/wp-content\\\/uploads\\\/2021\\\/09\\\/junior.jpg\",\"width\":2016,\"height\":1512},{\"@type\":\"BreadcrumbList\",\"@id\":\"https:\\\/\\\/www.canoa.ch\\\/?p=3658#breadcrumb\",\"itemListElement\":[{\"@type\":\"ListItem\",\"position\":1,\"name\":\"Home\",\"item\":\"https:\\\/\\\/www.canoa.ch\\\/\"},{\"@type\":\"ListItem\",\"position\":2,\"name\":\"Non bravi, bravissimi!!!\"}]},{\"@type\":\"WebSite\",\"@id\":\"https:\\\/\\\/www.canoa.ch\\\/#website\",\"url\":\"https:\\\/\\\/www.canoa.ch\\\/\",\"name\":\"Gruppo Canoisti Ticinesi\",\"description\":\"Canoa e kayak su laghi e fiumi\",\"publisher\":{\"@id\":\"https:\\\/\\\/www.canoa.ch\\\/#organization\"},\"potentialAction\":[{\"@type\":\"SearchAction\",\"target\":{\"@type\":\"EntryPoint\",\"urlTemplate\":\"https:\\\/\\\/www.canoa.ch\\\/?s={search_term_string}\"},\"query-input\":{\"@type\":\"PropertyValueSpecification\",\"valueRequired\":true,\"valueName\":\"search_term_string\"}}],\"inLanguage\":\"it-IT\"},{\"@type\":\"Organization\",\"@id\":\"https:\\\/\\\/www.canoa.ch\\\/#organization\",\"name\":\"Gruppo Canoisti Ticinesi\",\"url\":\"https:\\\/\\\/www.canoa.ch\\\/\",\"logo\":{\"@type\":\"ImageObject\",\"inLanguage\":\"it-IT\",\"@id\":\"https:\\\/\\\/www.canoa.ch\\\/#\\\/schema\\\/logo\\\/image\\\/\",\"url\":\"https:\\\/\\\/www.canoa.ch\\\/wp-content\\\/uploads\\\/2019\\\/01\\\/Logo-Gruppo-Canoisti-Tciniesi.png\",\"contentUrl\":\"https:\\\/\\\/www.canoa.ch\\\/wp-content\\\/uploads\\\/2019\\\/01\\\/Logo-Gruppo-Canoisti-Tciniesi.png\",\"width\":490,\"height\":490,\"caption\":\"Gruppo Canoisti Ticinesi\"},\"image\":{\"@id\":\"https:\\\/\\\/www.canoa.ch\\\/#\\\/schema\\\/logo\\\/image\\\/\"},\"sameAs\":[\"https:\\\/\\\/www.facebook.com\\\/gruppocanoistiticinesi\\\/\"]},{\"@type\":\"Person\",\"@id\":\"https:\\\/\\\/www.canoa.ch\\\/#\\\/schema\\\/person\\\/836208b56435f29445d93b82a5f9bf85\",\"name\":\"Laura\",\"image\":{\"@type\":\"ImageObject\",\"inLanguage\":\"it-IT\",\"@id\":\"https:\\\/\\\/secure.gravatar.com\\\/avatar\\\/eaa469e44b041c1f1f50aa88705ab7a8b355ad7d0f96a989d780551d7158e2a2?s=96&d=mm&r=g\",\"url\":\"https:\\\/\\\/secure.gravatar.com\\\/avatar\\\/eaa469e44b041c1f1f50aa88705ab7a8b355ad7d0f96a989d780551d7158e2a2?s=96&d=mm&r=g\",\"contentUrl\":\"https:\\\/\\\/secure.gravatar.com\\\/avatar\\\/eaa469e44b041c1f1f50aa88705ab7a8b355ad7d0f96a989d780551d7158e2a2?s=96&d=mm&r=g\",\"caption\":\"Laura\"},\"url\":\"https:\\\/\\\/www.canoa.ch\\\/?author=1\"}]}<\/script>\n<!-- \/ Yoast SEO plugin. -->","yoast_head_json":{"title":"Non bravi, bravissimi!!! - Gruppo Canoisti Ticinesi","robots":{"index":"index","follow":"follow","max-snippet":"max-snippet:-1","max-image-preview":"max-image-preview:large","max-video-preview":"max-video-preview:-1"},"canonical":"https:\/\/www.canoa.ch\/?p=3658","og_locale":"it_IT","og_type":"article","og_title":"Non bravi, bravissimi!!! - Gruppo Canoisti Ticinesi","og_description":"Tutti sul podio! S\u00ec, proprio cos\u00ec, tutti sul podio!!! I nostri ragazzi e l&#8217;altro &#8211; quello un po&#8217; pi\u00f9 grandicello con la barba &#8211; hanno \"Non bravi, bravissimi!!!\"","og_url":"https:\/\/www.canoa.ch\/?p=3658","og_site_name":"Gruppo Canoisti Ticinesi","article_publisher":"https:\/\/www.facebook.com\/gruppocanoistiticinesi\/","article_published_time":"2021-09-20T22:28:58+00:00","article_modified_time":"2021-09-20T22:31:53+00:00","og_image":[{"width":2016,"height":1512,"url":"https:\/\/www.canoa.ch\/wp-content\/uploads\/2021\/09\/junior.jpg","type":"image\/jpeg"}],"author":"Laura","twitter_card":"summary_large_image","twitter_misc":{"Scritto da":"Laura"},"schema":{"@context":"https:\/\/schema.org","@graph":[{"@type":"Article","@id":"https:\/\/www.canoa.ch\/?p=3658#article","isPartOf":{"@id":"https:\/\/www.canoa.ch\/?p=3658"},"author":{"name":"Laura","@id":"https:\/\/www.canoa.ch\/#\/schema\/person\/836208b56435f29445d93b82a5f9bf85"},"headline":"Non bravi, bravissimi!!!","datePublished":"2021-09-20T22:28:58+00:00","dateModified":"2021-09-20T22:31:53+00:00","mainEntityOfPage":{"@id":"https:\/\/www.canoa.ch\/?p=3658"},"wordCount":72,"publisher":{"@id":"https:\/\/www.canoa.ch\/#organization"},"image":{"@id":"https:\/\/www.canoa.ch\/?p=3658#primaryimage"},"thumbnailUrl":"https:\/\/www.canoa.ch\/wp-content\/uploads\/2021\/09\/junior.jpg","articleSection":["2021","fiume","Giovani"],"inLanguage":"it-IT"},{"@type":"WebPage","@id":"https:\/\/www.canoa.ch\/?p=3658","url":"https:\/\/www.canoa.ch\/?p=3658","name":"Non bravi, bravissimi!!! - Gruppo Canoisti Ticinesi","isPartOf":{"@id":"https:\/\/www.canoa.ch\/#website"},"primaryImageOfPage":{"@id":"https:\/\/www.canoa.ch\/?p=3658#primaryimage"},"image":{"@id":"https:\/\/www.canoa.ch\/?p=3658#primaryimage"},"thumbnailUrl":"https:\/\/www.canoa.ch\/wp-content\/uploads\/2021\/09\/junior.jpg","datePublished":"2021-09-20T22:28:58+00:00","dateModified":"2021-09-20T22:31:53+00:00","breadcrumb":{"@id":"https:\/\/www.canoa.ch\/?p=3658#breadcrumb"},"inLanguage":"it-IT","potentialAction":[{"@type":"ReadAction","target":["https:\/\/www.canoa.ch\/?p=3658"]}]},{"@type":"ImageObject","inLanguage":"it-IT","@id":"https:\/\/www.canoa.ch\/?p=3658#primaryimage","url":"https:\/\/www.canoa.ch\/wp-content\/uploads\/2021\/09\/junior.jpg","contentUrl":"https:\/\/www.canoa.ch\/wp-content\/uploads\/2021\/09\/junior.jpg","width":2016,"height":1512},{"@type":"BreadcrumbList","@id":"https:\/\/www.canoa.ch\/?p=3658#breadcrumb","itemListElement":[{"@type":"ListItem","position":1,"name":"Home","item":"https:\/\/www.canoa.ch\/"},{"@type":"ListItem","position":2,"name":"Non bravi, bravissimi!!!"}]},{"@type":"WebSite","@id":"https:\/\/www.canoa.ch\/#website","url":"https:\/\/www.canoa.ch\/","name":"Gruppo Canoisti Ticinesi","description":"Canoa e kayak su laghi e fiumi","publisher":{"@id":"https:\/\/www.canoa.ch\/#organization"},"potentialAction":[{"@type":"SearchAction","target":{"@type":"EntryPoint","urlTemplate":"https:\/\/www.canoa.ch\/?s={search_term_string}"},"query-input":{"@type":"PropertyValueSpecification","valueRequired":true,"valueName":"search_term_string"}}],"inLanguage":"it-IT"},{"@type":"Organization","@id":"https:\/\/www.canoa.ch\/#organization","name":"Gruppo Canoisti Ticinesi","url":"https:\/\/www.canoa.ch\/","logo":{"@type":"ImageObject","inLanguage":"it-IT","@id":"https:\/\/www.canoa.ch\/#\/schema\/logo\/image\/","url":"https:\/\/www.canoa.ch\/wp-content\/uploads\/2019\/01\/Logo-Gruppo-Canoisti-Tciniesi.png","contentUrl":"https:\/\/www.canoa.ch\/wp-content\/uploads\/2019\/01\/Logo-Gruppo-Canoisti-Tciniesi.png","width":490,"height":490,"caption":"Gruppo Canoisti Ticinesi"},"image":{"@id":"https:\/\/www.canoa.ch\/#\/schema\/logo\/image\/"},"sameAs":["https:\/\/www.facebook.com\/gruppocanoistiticinesi\/"]},{"@type":"Person","@id":"https:\/\/www.canoa.ch\/#\/schema\/person\/836208b56435f29445d93b82a5f9bf85","name":"Laura","image":{"@type":"ImageObject","inLanguage":"it-IT","@id":"https:\/\/secure.gravatar.com\/avatar\/eaa469e44b041c1f1f50aa88705ab7a8b355ad7d0f96a989d780551d7158e2a2?s=96&d=mm&r=g","url":"https:\/\/secure.gravatar.com\/avatar\/eaa469e44b041c1f1f50aa88705ab7a8b355ad7d0f96a989d780551d7158e2a2?s=96&d=mm&r=g","contentUrl":"https:\/\/secure.gravatar.com\/avatar\/eaa469e44b041c1f1f50aa88705ab7a8b355ad7d0f96a989d780551d7158e2a2?s=96&d=mm&r=g","caption":"Laura"},"url":"https:\/\/www.canoa.ch\/?author=1"}]}},"_links":{"self":[{"href":"https:\/\/www.canoa.ch\/index.php?rest_route=\/wp\/v2\/posts\/3658","targetHints":{"allow":["GET"]}}],"collection":[{"href":"https:\/\/www.canoa.ch\/index.php?rest_route=\/wp\/v2\/posts"}],"about":[{"href":"https:\/\/www.canoa.ch\/index.php?rest_route=\/wp\/v2\/types\/post"}],"author":[{"embeddable":true,"href":"https:\/\/www.canoa.ch\/index.php?rest_route=\/wp\/v2\/users\/1"}],"replies":[{"embeddable":true,"href":"https:\/\/www.canoa.ch\/index.php?rest_route=%2Fwp%2Fv2%2Fcomments&post=3658"}],"version-history":[{"count":2,"href":"https:\/\/www.canoa.ch\/index.php?rest_route=\/wp\/v2\/posts\/3658\/revisions"}],"predecessor-version":[{"id":3662,"href":"https:\/\/www.canoa.ch\/index.php?rest_route=\/wp\/v2\/posts\/3658\/revisions\/3662"}],"wp:featuredmedia":[{"embeddable":true,"href":"https:\/\/www.canoa.ch\/index.php?rest_route=\/wp\/v2\/media\/3660"}],"wp:attachment":[{"href":"https:\/\/www.canoa.ch\/index.php?rest_route=%2Fwp%2Fv2%2Fmedia&parent=3658"}],"wp:term":[{"taxonomy":"category","embeddable":true,"href":"https:\/\/www.canoa.ch\/index.php?rest_route=%2Fwp%2Fv2%2Fcategories&post=3658"},{"taxonomy":"post_tag","embeddable":true,"href":"https:\/\/www.canoa.ch\/index.php?rest_route=%2Fwp%2Fv2%2Ftags&post=3658"}],"curies":[{"name":"wp","href":"https:\/\/api.w.org\/{rel}","templated":true}]}}