{"id":3065,"date":"2021-02-18T22:04:57","date_gmt":"2021-02-18T21:04:57","guid":{"rendered":"http:\/\/www.canoa.ch\/?p=3065"},"modified":"2021-02-28T22:20:14","modified_gmt":"2021-02-28T21:20:14","slug":"una-piccola-lezione-di-storia","status":"publish","type":"post","link":"https:\/\/www.canoa.ch\/?p=3065","title":{"rendered":"La storia delle parole"},"content":{"rendered":"\n<h3 class=\"wp-block-heading\">Ovvero Cristoforo Colombo e la canoa.<\/h3>\n\n\n\n<p>Attraverso lo spagnolo di Cristoforo Colombo arriva a noi la parola <em>canoa <\/em>(<em>las canoas<\/em>), proveniente anche questa dalla lingua taino. E documentata per la prima volta in italiano in una traduzione in versi della lettera di Colombo pubblicata a Roma gi\u00e0 nel 1493. <\/p>\n\n\n\n<div class=\"wp-block-media-text alignwide is-stacked-on-mobile\"><figure class=\"wp-block-media-text__media\"><img fetchpriority=\"high\" decoding=\"async\" width=\"669\" height=\"568\" src=\"https:\/\/www.canoa.ch\/wp-content\/uploads\/2021\/02\/36f21decfb5c943f5cc9af31af4d6315.jpg\" alt=\"\" class=\"wp-image-3071\" srcset=\"https:\/\/www.canoa.ch\/wp-content\/uploads\/2021\/02\/36f21decfb5c943f5cc9af31af4d6315.jpg 669w, https:\/\/www.canoa.ch\/wp-content\/uploads\/2021\/02\/36f21decfb5c943f5cc9af31af4d6315-300x255.jpg 300w, https:\/\/www.canoa.ch\/wp-content\/uploads\/2021\/02\/36f21decfb5c943f5cc9af31af4d6315-150x127.jpg 150w\" sizes=\"(max-width: 669px) 100vw, 669px\" \/><\/figure><div class=\"wp-block-media-text__content\">\n<p><em>Da un&#8217;isola a l&#8217;altra questi vanno<\/em><br><em>con certe barche che in quest&#8217;isol&#8217;\u00e8,<br>le qual&#8217; d&#8217;un legnio solo fatte stanno,<br>e son chiamate chano\u00e8;<br>son lunghe e strecte, e par quasi volanno<br>andare a chiunche messo drento ci \u00e8,<br>ben che siano grossamente lavorate<br>(con sassi e legni e ossi son cavate).<\/em><\/p>\n<\/div><\/div>\n\n\n\n<p>Il viaggiatore veneziano Angelo Trevisan le chiama &#8220;cano\u00e8, over zopoli&#8221;, paragonandole alle barche a fondo piatto (<em>zopoli,<\/em> appunto) che circolavano in laguna. Mentre Antonio Pigafetta, accompagnatore di Magellano, associa l&#8217;immagine delle canoe e dei &#8220;trenta e quaranta uomini&#8221; che nudi &#8220;vogano con pale come da forno&#8221; a quella della palude Stigia descritta da Dante nel suo inferno. La prima forma in cui la parola si trova usata in italiano \u00e8 <em>chano\u00e8<\/em>, sia al plurale sia al singolare. &#8220;Presero una cano\u00e8 della isola&#8221;, scrive Amerigo Vespucci nella sua <em>Lettera delle isole nuovamente trovate<\/em>. Vespucci riconduceva le nuove scoperte non pi\u00f9 alle Indie, ma appunto a un Nuovo mondo&#8230;<\/p>\n\n\n\n<p style=\"font-size:9px\">Dal libro di Gianfranco Falena &#8220;Il linguaggio del caos. Studi sul plurilinguismo rinascimentale&#8221;. Torino, Bollati Boringhieri, 1991, ripreso da Giuseppe Antonelli nel libro &#8220;Il museo della lingua italiana&#8221;, Milano, Mondadori, 2018<\/p>\n","protected":false},"excerpt":{"rendered":"<p>Ovvero Cristoforo Colombo e la canoa. Attraverso lo spagnolo di Cristoforo Colombo arriva a noi la parola canoa (las canoas), proveniente anche questa dalla lingua<a href=\"https:\/\/www.canoa.ch\/?p=3065\" class=\"more-link\"><span class=\"screen-reader-text\"> &#8220;La storia delle parole&#8221;<\/span><\/a><\/p>\n","protected":false},"author":1,"featured_media":3072,"comment_status":"closed","ping_status":"closed","sticky":false,"template":"","format":"standard","meta":{"_angie_page":false,"page_builder":"","footnotes":""},"categories":[72,17],"tags":[],"class_list":["post-3065","post","type-post","status-publish","format-standard","has-post-thumbnail","hentry","category-72","category-storiche"],"yoast_head":"<!-- This site is optimized with the Yoast SEO plugin v28.1 - https:\/\/yoast.com\/product\/yoast-seo-wordpress\/ -->\n<title>La storia delle parole - Gruppo Canoisti Ticinesi<\/title>\n<meta name=\"robots\" content=\"index, follow, max-snippet:-1, max-image-preview:large, max-video-preview:-1\" \/>\n<link rel=\"canonical\" href=\"https:\/\/www.canoa.ch\/?p=3065\" \/>\n<meta property=\"og:locale\" content=\"it_IT\" \/>\n<meta property=\"og:type\" content=\"article\" \/>\n<meta property=\"og:title\" content=\"La storia delle parole - Gruppo Canoisti Ticinesi\" \/>\n<meta property=\"og:description\" content=\"Ovvero Cristoforo Colombo e la canoa. Attraverso lo spagnolo di Cristoforo Colombo arriva a noi la parola canoa (las canoas), proveniente anche questa dalla lingua &quot;La storia delle parole&quot;\" \/>\n<meta property=\"og:url\" content=\"https:\/\/www.canoa.ch\/?p=3065\" \/>\n<meta property=\"og:site_name\" content=\"Gruppo Canoisti Ticinesi\" \/>\n<meta property=\"article:publisher\" content=\"https:\/\/www.facebook.com\/gruppocanoistiticinesi\/\" \/>\n<meta property=\"article:published_time\" content=\"2021-02-18T21:04:57+00:00\" \/>\n<meta property=\"article:modified_time\" content=\"2021-02-28T21:20:14+00:00\" \/>\n<meta property=\"og:image\" content=\"https:\/\/www.canoa.ch\/wp-content\/uploads\/2021\/02\/TT-5111510-1.jpg\" \/>\n\t<meta property=\"og:image:width\" content=\"1361\" \/>\n\t<meta property=\"og:image:height\" content=\"1000\" \/>\n\t<meta property=\"og:image:type\" content=\"image\/jpeg\" \/>\n<meta name=\"author\" content=\"Laura\" \/>\n<meta name=\"twitter:card\" content=\"summary_large_image\" \/>\n<meta name=\"twitter:label1\" content=\"Scritto da\" \/>\n\t<meta name=\"twitter:data1\" content=\"Laura\" \/>\n\t<meta name=\"twitter:label2\" content=\"Tempo di lettura stimato\" \/>\n\t<meta name=\"twitter:data2\" content=\"1 minuto\" \/>\n<script type=\"application\/ld+json\" class=\"yoast-schema-graph\">{\"@context\":\"https:\\\/\\\/schema.org\",\"@graph\":[{\"@type\":\"Article\",\"@id\":\"https:\\\/\\\/www.canoa.ch\\\/?p=3065#article\",\"isPartOf\":{\"@id\":\"https:\\\/\\\/www.canoa.ch\\\/?p=3065\"},\"author\":{\"name\":\"Laura\",\"@id\":\"https:\\\/\\\/www.canoa.ch\\\/#\\\/schema\\\/person\\\/836208b56435f29445d93b82a5f9bf85\"},\"headline\":\"La storia delle parole\",\"datePublished\":\"2021-02-18T21:04:57+00:00\",\"dateModified\":\"2021-02-28T21:20:14+00:00\",\"mainEntityOfPage\":{\"@id\":\"https:\\\/\\\/www.canoa.ch\\\/?p=3065\"},\"wordCount\":241,\"publisher\":{\"@id\":\"https:\\\/\\\/www.canoa.ch\\\/#organization\"},\"image\":{\"@id\":\"https:\\\/\\\/www.canoa.ch\\\/?p=3065#primaryimage\"},\"thumbnailUrl\":\"https:\\\/\\\/www.canoa.ch\\\/wp-content\\\/uploads\\\/2021\\\/02\\\/TT-5111510-1.jpg\",\"articleSection\":[\"2021\",\"storiche\"],\"inLanguage\":\"it-IT\"},{\"@type\":\"WebPage\",\"@id\":\"https:\\\/\\\/www.canoa.ch\\\/?p=3065\",\"url\":\"https:\\\/\\\/www.canoa.ch\\\/?p=3065\",\"name\":\"La storia delle parole - Gruppo Canoisti Ticinesi\",\"isPartOf\":{\"@id\":\"https:\\\/\\\/www.canoa.ch\\\/#website\"},\"primaryImageOfPage\":{\"@id\":\"https:\\\/\\\/www.canoa.ch\\\/?p=3065#primaryimage\"},\"image\":{\"@id\":\"https:\\\/\\\/www.canoa.ch\\\/?p=3065#primaryimage\"},\"thumbnailUrl\":\"https:\\\/\\\/www.canoa.ch\\\/wp-content\\\/uploads\\\/2021\\\/02\\\/TT-5111510-1.jpg\",\"datePublished\":\"2021-02-18T21:04:57+00:00\",\"dateModified\":\"2021-02-28T21:20:14+00:00\",\"breadcrumb\":{\"@id\":\"https:\\\/\\\/www.canoa.ch\\\/?p=3065#breadcrumb\"},\"inLanguage\":\"it-IT\",\"potentialAction\":[{\"@type\":\"ReadAction\",\"target\":[\"https:\\\/\\\/www.canoa.ch\\\/?p=3065\"]}]},{\"@type\":\"ImageObject\",\"inLanguage\":\"it-IT\",\"@id\":\"https:\\\/\\\/www.canoa.ch\\\/?p=3065#primaryimage\",\"url\":\"https:\\\/\\\/www.canoa.ch\\\/wp-content\\\/uploads\\\/2021\\\/02\\\/TT-5111510-1.jpg\",\"contentUrl\":\"https:\\\/\\\/www.canoa.ch\\\/wp-content\\\/uploads\\\/2021\\\/02\\\/TT-5111510-1.jpg\",\"width\":1361,\"height\":1000,\"caption\":\"didascalia\"},{\"@type\":\"BreadcrumbList\",\"@id\":\"https:\\\/\\\/www.canoa.ch\\\/?p=3065#breadcrumb\",\"itemListElement\":[{\"@type\":\"ListItem\",\"position\":1,\"name\":\"Home\",\"item\":\"https:\\\/\\\/www.canoa.ch\\\/\"},{\"@type\":\"ListItem\",\"position\":2,\"name\":\"La storia delle parole\"}]},{\"@type\":\"WebSite\",\"@id\":\"https:\\\/\\\/www.canoa.ch\\\/#website\",\"url\":\"https:\\\/\\\/www.canoa.ch\\\/\",\"name\":\"Gruppo Canoisti Ticinesi\",\"description\":\"Canoa e kayak su laghi e fiumi\",\"publisher\":{\"@id\":\"https:\\\/\\\/www.canoa.ch\\\/#organization\"},\"potentialAction\":[{\"@type\":\"SearchAction\",\"target\":{\"@type\":\"EntryPoint\",\"urlTemplate\":\"https:\\\/\\\/www.canoa.ch\\\/?s={search_term_string}\"},\"query-input\":{\"@type\":\"PropertyValueSpecification\",\"valueRequired\":true,\"valueName\":\"search_term_string\"}}],\"inLanguage\":\"it-IT\"},{\"@type\":\"Organization\",\"@id\":\"https:\\\/\\\/www.canoa.ch\\\/#organization\",\"name\":\"Gruppo Canoisti Ticinesi\",\"url\":\"https:\\\/\\\/www.canoa.ch\\\/\",\"logo\":{\"@type\":\"ImageObject\",\"inLanguage\":\"it-IT\",\"@id\":\"https:\\\/\\\/www.canoa.ch\\\/#\\\/schema\\\/logo\\\/image\\\/\",\"url\":\"https:\\\/\\\/www.canoa.ch\\\/wp-content\\\/uploads\\\/2019\\\/01\\\/Logo-Gruppo-Canoisti-Tciniesi.png\",\"contentUrl\":\"https:\\\/\\\/www.canoa.ch\\\/wp-content\\\/uploads\\\/2019\\\/01\\\/Logo-Gruppo-Canoisti-Tciniesi.png\",\"width\":490,\"height\":490,\"caption\":\"Gruppo Canoisti Ticinesi\"},\"image\":{\"@id\":\"https:\\\/\\\/www.canoa.ch\\\/#\\\/schema\\\/logo\\\/image\\\/\"},\"sameAs\":[\"https:\\\/\\\/www.facebook.com\\\/gruppocanoistiticinesi\\\/\"]},{\"@type\":\"Person\",\"@id\":\"https:\\\/\\\/www.canoa.ch\\\/#\\\/schema\\\/person\\\/836208b56435f29445d93b82a5f9bf85\",\"name\":\"Laura\",\"image\":{\"@type\":\"ImageObject\",\"inLanguage\":\"it-IT\",\"@id\":\"https:\\\/\\\/secure.gravatar.com\\\/avatar\\\/eaa469e44b041c1f1f50aa88705ab7a8b355ad7d0f96a989d780551d7158e2a2?s=96&d=mm&r=g\",\"url\":\"https:\\\/\\\/secure.gravatar.com\\\/avatar\\\/eaa469e44b041c1f1f50aa88705ab7a8b355ad7d0f96a989d780551d7158e2a2?s=96&d=mm&r=g\",\"contentUrl\":\"https:\\\/\\\/secure.gravatar.com\\\/avatar\\\/eaa469e44b041c1f1f50aa88705ab7a8b355ad7d0f96a989d780551d7158e2a2?s=96&d=mm&r=g\",\"caption\":\"Laura\"},\"url\":\"https:\\\/\\\/www.canoa.ch\\\/?author=1\"}]}<\/script>\n<!-- \/ Yoast SEO plugin. -->","yoast_head_json":{"title":"La storia delle parole - Gruppo Canoisti Ticinesi","robots":{"index":"index","follow":"follow","max-snippet":"max-snippet:-1","max-image-preview":"max-image-preview:large","max-video-preview":"max-video-preview:-1"},"canonical":"https:\/\/www.canoa.ch\/?p=3065","og_locale":"it_IT","og_type":"article","og_title":"La storia delle parole - Gruppo Canoisti Ticinesi","og_description":"Ovvero Cristoforo Colombo e la canoa. Attraverso lo spagnolo di Cristoforo Colombo arriva a noi la parola canoa (las canoas), proveniente anche questa dalla lingua \"La storia delle parole\"","og_url":"https:\/\/www.canoa.ch\/?p=3065","og_site_name":"Gruppo Canoisti Ticinesi","article_publisher":"https:\/\/www.facebook.com\/gruppocanoistiticinesi\/","article_published_time":"2021-02-18T21:04:57+00:00","article_modified_time":"2021-02-28T21:20:14+00:00","og_image":[{"width":1361,"height":1000,"url":"https:\/\/www.canoa.ch\/wp-content\/uploads\/2021\/02\/TT-5111510-1.jpg","type":"image\/jpeg"}],"author":"Laura","twitter_card":"summary_large_image","twitter_misc":{"Scritto da":"Laura","Tempo di lettura stimato":"1 minuto"},"schema":{"@context":"https:\/\/schema.org","@graph":[{"@type":"Article","@id":"https:\/\/www.canoa.ch\/?p=3065#article","isPartOf":{"@id":"https:\/\/www.canoa.ch\/?p=3065"},"author":{"name":"Laura","@id":"https:\/\/www.canoa.ch\/#\/schema\/person\/836208b56435f29445d93b82a5f9bf85"},"headline":"La storia delle parole","datePublished":"2021-02-18T21:04:57+00:00","dateModified":"2021-02-28T21:20:14+00:00","mainEntityOfPage":{"@id":"https:\/\/www.canoa.ch\/?p=3065"},"wordCount":241,"publisher":{"@id":"https:\/\/www.canoa.ch\/#organization"},"image":{"@id":"https:\/\/www.canoa.ch\/?p=3065#primaryimage"},"thumbnailUrl":"https:\/\/www.canoa.ch\/wp-content\/uploads\/2021\/02\/TT-5111510-1.jpg","articleSection":["2021","storiche"],"inLanguage":"it-IT"},{"@type":"WebPage","@id":"https:\/\/www.canoa.ch\/?p=3065","url":"https:\/\/www.canoa.ch\/?p=3065","name":"La storia delle parole - Gruppo Canoisti Ticinesi","isPartOf":{"@id":"https:\/\/www.canoa.ch\/#website"},"primaryImageOfPage":{"@id":"https:\/\/www.canoa.ch\/?p=3065#primaryimage"},"image":{"@id":"https:\/\/www.canoa.ch\/?p=3065#primaryimage"},"thumbnailUrl":"https:\/\/www.canoa.ch\/wp-content\/uploads\/2021\/02\/TT-5111510-1.jpg","datePublished":"2021-02-18T21:04:57+00:00","dateModified":"2021-02-28T21:20:14+00:00","breadcrumb":{"@id":"https:\/\/www.canoa.ch\/?p=3065#breadcrumb"},"inLanguage":"it-IT","potentialAction":[{"@type":"ReadAction","target":["https:\/\/www.canoa.ch\/?p=3065"]}]},{"@type":"ImageObject","inLanguage":"it-IT","@id":"https:\/\/www.canoa.ch\/?p=3065#primaryimage","url":"https:\/\/www.canoa.ch\/wp-content\/uploads\/2021\/02\/TT-5111510-1.jpg","contentUrl":"https:\/\/www.canoa.ch\/wp-content\/uploads\/2021\/02\/TT-5111510-1.jpg","width":1361,"height":1000,"caption":"didascalia"},{"@type":"BreadcrumbList","@id":"https:\/\/www.canoa.ch\/?p=3065#breadcrumb","itemListElement":[{"@type":"ListItem","position":1,"name":"Home","item":"https:\/\/www.canoa.ch\/"},{"@type":"ListItem","position":2,"name":"La storia delle parole"}]},{"@type":"WebSite","@id":"https:\/\/www.canoa.ch\/#website","url":"https:\/\/www.canoa.ch\/","name":"Gruppo Canoisti Ticinesi","description":"Canoa e kayak su laghi e fiumi","publisher":{"@id":"https:\/\/www.canoa.ch\/#organization"},"potentialAction":[{"@type":"SearchAction","target":{"@type":"EntryPoint","urlTemplate":"https:\/\/www.canoa.ch\/?s={search_term_string}"},"query-input":{"@type":"PropertyValueSpecification","valueRequired":true,"valueName":"search_term_string"}}],"inLanguage":"it-IT"},{"@type":"Organization","@id":"https:\/\/www.canoa.ch\/#organization","name":"Gruppo Canoisti Ticinesi","url":"https:\/\/www.canoa.ch\/","logo":{"@type":"ImageObject","inLanguage":"it-IT","@id":"https:\/\/www.canoa.ch\/#\/schema\/logo\/image\/","url":"https:\/\/www.canoa.ch\/wp-content\/uploads\/2019\/01\/Logo-Gruppo-Canoisti-Tciniesi.png","contentUrl":"https:\/\/www.canoa.ch\/wp-content\/uploads\/2019\/01\/Logo-Gruppo-Canoisti-Tciniesi.png","width":490,"height":490,"caption":"Gruppo Canoisti Ticinesi"},"image":{"@id":"https:\/\/www.canoa.ch\/#\/schema\/logo\/image\/"},"sameAs":["https:\/\/www.facebook.com\/gruppocanoistiticinesi\/"]},{"@type":"Person","@id":"https:\/\/www.canoa.ch\/#\/schema\/person\/836208b56435f29445d93b82a5f9bf85","name":"Laura","image":{"@type":"ImageObject","inLanguage":"it-IT","@id":"https:\/\/secure.gravatar.com\/avatar\/eaa469e44b041c1f1f50aa88705ab7a8b355ad7d0f96a989d780551d7158e2a2?s=96&d=mm&r=g","url":"https:\/\/secure.gravatar.com\/avatar\/eaa469e44b041c1f1f50aa88705ab7a8b355ad7d0f96a989d780551d7158e2a2?s=96&d=mm&r=g","contentUrl":"https:\/\/secure.gravatar.com\/avatar\/eaa469e44b041c1f1f50aa88705ab7a8b355ad7d0f96a989d780551d7158e2a2?s=96&d=mm&r=g","caption":"Laura"},"url":"https:\/\/www.canoa.ch\/?author=1"}]}},"_links":{"self":[{"href":"https:\/\/www.canoa.ch\/index.php?rest_route=\/wp\/v2\/posts\/3065","targetHints":{"allow":["GET"]}}],"collection":[{"href":"https:\/\/www.canoa.ch\/index.php?rest_route=\/wp\/v2\/posts"}],"about":[{"href":"https:\/\/www.canoa.ch\/index.php?rest_route=\/wp\/v2\/types\/post"}],"author":[{"embeddable":true,"href":"https:\/\/www.canoa.ch\/index.php?rest_route=\/wp\/v2\/users\/1"}],"replies":[{"embeddable":true,"href":"https:\/\/www.canoa.ch\/index.php?rest_route=%2Fwp%2Fv2%2Fcomments&post=3065"}],"version-history":[{"count":9,"href":"https:\/\/www.canoa.ch\/index.php?rest_route=\/wp\/v2\/posts\/3065\/revisions"}],"predecessor-version":[{"id":3077,"href":"https:\/\/www.canoa.ch\/index.php?rest_route=\/wp\/v2\/posts\/3065\/revisions\/3077"}],"wp:featuredmedia":[{"embeddable":true,"href":"https:\/\/www.canoa.ch\/index.php?rest_route=\/wp\/v2\/media\/3072"}],"wp:attachment":[{"href":"https:\/\/www.canoa.ch\/index.php?rest_route=%2Fwp%2Fv2%2Fmedia&parent=3065"}],"wp:term":[{"taxonomy":"category","embeddable":true,"href":"https:\/\/www.canoa.ch\/index.php?rest_route=%2Fwp%2Fv2%2Fcategories&post=3065"},{"taxonomy":"post_tag","embeddable":true,"href":"https:\/\/www.canoa.ch\/index.php?rest_route=%2Fwp%2Fv2%2Ftags&post=3065"}],"curies":[{"name":"wp","href":"https:\/\/api.w.org\/{rel}","templated":true}]}}