{"id":2603,"date":"2020-04-29T16:47:17","date_gmt":"2020-04-29T14:47:17","guid":{"rendered":"http:\/\/www.canoa.ch\/?p=2603"},"modified":"2020-06-07T10:58:11","modified_gmt":"2020-06-07T08:58:11","slug":"riprende-lattivita","status":"publish","type":"post","link":"https:\/\/www.canoa.ch\/?p=2603","title":{"rendered":"Riprende l&#8217;attivit\u00e0!!!"},"content":{"rendered":"\n<p>Il Consiglio Federale ha allentato il guinzaglio! Siamo entrati nella fase 2 con somma felicit\u00e0 di tutti gli sportivi e quindi anche dei canoisti. L&#8217;attivit\u00e0 \u00e8 ripresa, seppur ancora con importanti misure volte a salvaguardare la salute di tutti i partecipanti. Per il momento restano sospesi i corsi, ma speriamo che entro pochi giorni vengano fatti annunci riguardanti le prossime aperture, che forse potrebbero contenere qualche ulteriore facilitazione che ci riguarda. Siamo fiduciosi! <\/p>\n\n\n\n<p>I soci delle tre sedi hanno ricevuto copia del concetto di sicurezza, ricordiamo a tutti che fino a nuovo avviso \u00e8 necessaria l&#8217;iscrizione ad ogni allenamento.<\/p>\n\n\n\n<p><\/p>\n","protected":false},"excerpt":{"rendered":"<p>Il Consiglio Federale ha allentato il guinzaglio! Siamo entrati nella fase 2 con somma felicit\u00e0 di tutti gli sportivi e quindi anche dei canoisti. L&#8217;attivit\u00e0<a href=\"https:\/\/www.canoa.ch\/?p=2603\" class=\"more-link\"><span class=\"screen-reader-text\"> &#8220;Riprende l&#8217;attivit\u00e0!!!&#8221;<\/span><\/a><\/p>\n","protected":false},"author":1,"featured_media":2622,"comment_status":"closed","ping_status":"closed","sticky":false,"template":"","format":"standard","meta":{"_angie_page":false,"page_builder":"","footnotes":""},"categories":[51,68,15,13],"tags":[],"class_list":["post-2603","post","type-post","status-publish","format-standard","has-post-thumbnail","hentry","category-51","category-68","category-fiume","category-lago"],"yoast_head":"<!-- This site is optimized with the Yoast SEO plugin v28.1 - https:\/\/yoast.com\/product\/yoast-seo-wordpress\/ -->\n<title>Riprende l&#039;attivit\u00e0!!! - Gruppo Canoisti Ticinesi<\/title>\n<meta name=\"robots\" content=\"index, follow, max-snippet:-1, max-image-preview:large, max-video-preview:-1\" \/>\n<link rel=\"canonical\" href=\"https:\/\/www.canoa.ch\/?p=2603\" \/>\n<meta property=\"og:locale\" content=\"it_IT\" \/>\n<meta property=\"og:type\" content=\"article\" \/>\n<meta property=\"og:title\" content=\"Riprende l&#039;attivit\u00e0!!! - Gruppo Canoisti Ticinesi\" \/>\n<meta property=\"og:description\" content=\"Il Consiglio Federale ha allentato il guinzaglio! Siamo entrati nella fase 2 con somma felicit\u00e0 di tutti gli sportivi e quindi anche dei canoisti. L&#8217;attivit\u00e0 &quot;Riprende l&#8217;attivit\u00e0!!!&quot;\" \/>\n<meta property=\"og:url\" content=\"https:\/\/www.canoa.ch\/?p=2603\" \/>\n<meta property=\"og:site_name\" content=\"Gruppo Canoisti Ticinesi\" \/>\n<meta property=\"article:publisher\" content=\"https:\/\/www.facebook.com\/gruppocanoistiticinesi\/\" \/>\n<meta property=\"article:published_time\" content=\"2020-04-29T14:47:17+00:00\" \/>\n<meta property=\"article:modified_time\" content=\"2020-06-07T08:58:11+00:00\" \/>\n<meta property=\"og:image\" content=\"https:\/\/www.canoa.ch\/wp-content\/uploads\/2020\/05\/covid-1024x576.png\" \/>\n\t<meta property=\"og:image:width\" content=\"1024\" \/>\n\t<meta property=\"og:image:height\" content=\"576\" \/>\n\t<meta property=\"og:image:type\" content=\"image\/png\" \/>\n<meta name=\"author\" content=\"Laura\" \/>\n<meta name=\"twitter:card\" content=\"summary_large_image\" \/>\n<meta name=\"twitter:label1\" content=\"Scritto da\" \/>\n\t<meta name=\"twitter:data1\" content=\"Laura\" \/>\n<script type=\"application\/ld+json\" class=\"yoast-schema-graph\">{\"@context\":\"https:\\\/\\\/schema.org\",\"@graph\":[{\"@type\":\"Article\",\"@id\":\"https:\\\/\\\/www.canoa.ch\\\/?p=2603#article\",\"isPartOf\":{\"@id\":\"https:\\\/\\\/www.canoa.ch\\\/?p=2603\"},\"author\":{\"name\":\"Laura\",\"@id\":\"https:\\\/\\\/www.canoa.ch\\\/#\\\/schema\\\/person\\\/836208b56435f29445d93b82a5f9bf85\"},\"headline\":\"Riprende l&#8217;attivit\u00e0!!!\",\"datePublished\":\"2020-04-29T14:47:17+00:00\",\"dateModified\":\"2020-06-07T08:58:11+00:00\",\"mainEntityOfPage\":{\"@id\":\"https:\\\/\\\/www.canoa.ch\\\/?p=2603\"},\"wordCount\":101,\"publisher\":{\"@id\":\"https:\\\/\\\/www.canoa.ch\\\/#organization\"},\"image\":{\"@id\":\"https:\\\/\\\/www.canoa.ch\\\/?p=2603#primaryimage\"},\"thumbnailUrl\":\"https:\\\/\\\/www.canoa.ch\\\/wp-content\\\/uploads\\\/2020\\\/05\\\/covid.png\",\"articleSection\":[\"2019\",\"2020\",\"fiume\",\"lago\"],\"inLanguage\":\"it-IT\"},{\"@type\":\"WebPage\",\"@id\":\"https:\\\/\\\/www.canoa.ch\\\/?p=2603\",\"url\":\"https:\\\/\\\/www.canoa.ch\\\/?p=2603\",\"name\":\"Riprende l'attivit\u00e0!!! - Gruppo Canoisti Ticinesi\",\"isPartOf\":{\"@id\":\"https:\\\/\\\/www.canoa.ch\\\/#website\"},\"primaryImageOfPage\":{\"@id\":\"https:\\\/\\\/www.canoa.ch\\\/?p=2603#primaryimage\"},\"image\":{\"@id\":\"https:\\\/\\\/www.canoa.ch\\\/?p=2603#primaryimage\"},\"thumbnailUrl\":\"https:\\\/\\\/www.canoa.ch\\\/wp-content\\\/uploads\\\/2020\\\/05\\\/covid.png\",\"datePublished\":\"2020-04-29T14:47:17+00:00\",\"dateModified\":\"2020-06-07T08:58:11+00:00\",\"breadcrumb\":{\"@id\":\"https:\\\/\\\/www.canoa.ch\\\/?p=2603#breadcrumb\"},\"inLanguage\":\"it-IT\",\"potentialAction\":[{\"@type\":\"ReadAction\",\"target\":[\"https:\\\/\\\/www.canoa.ch\\\/?p=2603\"]}]},{\"@type\":\"ImageObject\",\"inLanguage\":\"it-IT\",\"@id\":\"https:\\\/\\\/www.canoa.ch\\\/?p=2603#primaryimage\",\"url\":\"https:\\\/\\\/www.canoa.ch\\\/wp-content\\\/uploads\\\/2020\\\/05\\\/covid.png\",\"contentUrl\":\"https:\\\/\\\/www.canoa.ch\\\/wp-content\\\/uploads\\\/2020\\\/05\\\/covid.png\",\"width\":1920,\"height\":1080},{\"@type\":\"BreadcrumbList\",\"@id\":\"https:\\\/\\\/www.canoa.ch\\\/?p=2603#breadcrumb\",\"itemListElement\":[{\"@type\":\"ListItem\",\"position\":1,\"name\":\"Home\",\"item\":\"https:\\\/\\\/www.canoa.ch\\\/\"},{\"@type\":\"ListItem\",\"position\":2,\"name\":\"Riprende l&#8217;attivit\u00e0!!!\"}]},{\"@type\":\"WebSite\",\"@id\":\"https:\\\/\\\/www.canoa.ch\\\/#website\",\"url\":\"https:\\\/\\\/www.canoa.ch\\\/\",\"name\":\"Gruppo Canoisti Ticinesi\",\"description\":\"Canoa e kayak su laghi e fiumi\",\"publisher\":{\"@id\":\"https:\\\/\\\/www.canoa.ch\\\/#organization\"},\"potentialAction\":[{\"@type\":\"SearchAction\",\"target\":{\"@type\":\"EntryPoint\",\"urlTemplate\":\"https:\\\/\\\/www.canoa.ch\\\/?s={search_term_string}\"},\"query-input\":{\"@type\":\"PropertyValueSpecification\",\"valueRequired\":true,\"valueName\":\"search_term_string\"}}],\"inLanguage\":\"it-IT\"},{\"@type\":\"Organization\",\"@id\":\"https:\\\/\\\/www.canoa.ch\\\/#organization\",\"name\":\"Gruppo Canoisti Ticinesi\",\"url\":\"https:\\\/\\\/www.canoa.ch\\\/\",\"logo\":{\"@type\":\"ImageObject\",\"inLanguage\":\"it-IT\",\"@id\":\"https:\\\/\\\/www.canoa.ch\\\/#\\\/schema\\\/logo\\\/image\\\/\",\"url\":\"https:\\\/\\\/www.canoa.ch\\\/wp-content\\\/uploads\\\/2019\\\/01\\\/Logo-Gruppo-Canoisti-Tciniesi.png\",\"contentUrl\":\"https:\\\/\\\/www.canoa.ch\\\/wp-content\\\/uploads\\\/2019\\\/01\\\/Logo-Gruppo-Canoisti-Tciniesi.png\",\"width\":490,\"height\":490,\"caption\":\"Gruppo Canoisti Ticinesi\"},\"image\":{\"@id\":\"https:\\\/\\\/www.canoa.ch\\\/#\\\/schema\\\/logo\\\/image\\\/\"},\"sameAs\":[\"https:\\\/\\\/www.facebook.com\\\/gruppocanoistiticinesi\\\/\"]},{\"@type\":\"Person\",\"@id\":\"https:\\\/\\\/www.canoa.ch\\\/#\\\/schema\\\/person\\\/836208b56435f29445d93b82a5f9bf85\",\"name\":\"Laura\",\"image\":{\"@type\":\"ImageObject\",\"inLanguage\":\"it-IT\",\"@id\":\"https:\\\/\\\/secure.gravatar.com\\\/avatar\\\/eaa469e44b041c1f1f50aa88705ab7a8b355ad7d0f96a989d780551d7158e2a2?s=96&d=mm&r=g\",\"url\":\"https:\\\/\\\/secure.gravatar.com\\\/avatar\\\/eaa469e44b041c1f1f50aa88705ab7a8b355ad7d0f96a989d780551d7158e2a2?s=96&d=mm&r=g\",\"contentUrl\":\"https:\\\/\\\/secure.gravatar.com\\\/avatar\\\/eaa469e44b041c1f1f50aa88705ab7a8b355ad7d0f96a989d780551d7158e2a2?s=96&d=mm&r=g\",\"caption\":\"Laura\"},\"url\":\"https:\\\/\\\/www.canoa.ch\\\/?author=1\"}]}<\/script>\n<!-- \/ Yoast SEO plugin. -->","yoast_head_json":{"title":"Riprende l'attivit\u00e0!!! - Gruppo Canoisti Ticinesi","robots":{"index":"index","follow":"follow","max-snippet":"max-snippet:-1","max-image-preview":"max-image-preview:large","max-video-preview":"max-video-preview:-1"},"canonical":"https:\/\/www.canoa.ch\/?p=2603","og_locale":"it_IT","og_type":"article","og_title":"Riprende l'attivit\u00e0!!! - Gruppo Canoisti Ticinesi","og_description":"Il Consiglio Federale ha allentato il guinzaglio! Siamo entrati nella fase 2 con somma felicit\u00e0 di tutti gli sportivi e quindi anche dei canoisti. L&#8217;attivit\u00e0 \"Riprende l&#8217;attivit\u00e0!!!\"","og_url":"https:\/\/www.canoa.ch\/?p=2603","og_site_name":"Gruppo Canoisti Ticinesi","article_publisher":"https:\/\/www.facebook.com\/gruppocanoistiticinesi\/","article_published_time":"2020-04-29T14:47:17+00:00","article_modified_time":"2020-06-07T08:58:11+00:00","og_image":[{"width":1024,"height":576,"url":"https:\/\/www.canoa.ch\/wp-content\/uploads\/2020\/05\/covid-1024x576.png","type":"image\/png"}],"author":"Laura","twitter_card":"summary_large_image","twitter_misc":{"Scritto da":"Laura"},"schema":{"@context":"https:\/\/schema.org","@graph":[{"@type":"Article","@id":"https:\/\/www.canoa.ch\/?p=2603#article","isPartOf":{"@id":"https:\/\/www.canoa.ch\/?p=2603"},"author":{"name":"Laura","@id":"https:\/\/www.canoa.ch\/#\/schema\/person\/836208b56435f29445d93b82a5f9bf85"},"headline":"Riprende l&#8217;attivit\u00e0!!!","datePublished":"2020-04-29T14:47:17+00:00","dateModified":"2020-06-07T08:58:11+00:00","mainEntityOfPage":{"@id":"https:\/\/www.canoa.ch\/?p=2603"},"wordCount":101,"publisher":{"@id":"https:\/\/www.canoa.ch\/#organization"},"image":{"@id":"https:\/\/www.canoa.ch\/?p=2603#primaryimage"},"thumbnailUrl":"https:\/\/www.canoa.ch\/wp-content\/uploads\/2020\/05\/covid.png","articleSection":["2019","2020","fiume","lago"],"inLanguage":"it-IT"},{"@type":"WebPage","@id":"https:\/\/www.canoa.ch\/?p=2603","url":"https:\/\/www.canoa.ch\/?p=2603","name":"Riprende l'attivit\u00e0!!! - Gruppo Canoisti Ticinesi","isPartOf":{"@id":"https:\/\/www.canoa.ch\/#website"},"primaryImageOfPage":{"@id":"https:\/\/www.canoa.ch\/?p=2603#primaryimage"},"image":{"@id":"https:\/\/www.canoa.ch\/?p=2603#primaryimage"},"thumbnailUrl":"https:\/\/www.canoa.ch\/wp-content\/uploads\/2020\/05\/covid.png","datePublished":"2020-04-29T14:47:17+00:00","dateModified":"2020-06-07T08:58:11+00:00","breadcrumb":{"@id":"https:\/\/www.canoa.ch\/?p=2603#breadcrumb"},"inLanguage":"it-IT","potentialAction":[{"@type":"ReadAction","target":["https:\/\/www.canoa.ch\/?p=2603"]}]},{"@type":"ImageObject","inLanguage":"it-IT","@id":"https:\/\/www.canoa.ch\/?p=2603#primaryimage","url":"https:\/\/www.canoa.ch\/wp-content\/uploads\/2020\/05\/covid.png","contentUrl":"https:\/\/www.canoa.ch\/wp-content\/uploads\/2020\/05\/covid.png","width":1920,"height":1080},{"@type":"BreadcrumbList","@id":"https:\/\/www.canoa.ch\/?p=2603#breadcrumb","itemListElement":[{"@type":"ListItem","position":1,"name":"Home","item":"https:\/\/www.canoa.ch\/"},{"@type":"ListItem","position":2,"name":"Riprende l&#8217;attivit\u00e0!!!"}]},{"@type":"WebSite","@id":"https:\/\/www.canoa.ch\/#website","url":"https:\/\/www.canoa.ch\/","name":"Gruppo Canoisti Ticinesi","description":"Canoa e kayak su laghi e fiumi","publisher":{"@id":"https:\/\/www.canoa.ch\/#organization"},"potentialAction":[{"@type":"SearchAction","target":{"@type":"EntryPoint","urlTemplate":"https:\/\/www.canoa.ch\/?s={search_term_string}"},"query-input":{"@type":"PropertyValueSpecification","valueRequired":true,"valueName":"search_term_string"}}],"inLanguage":"it-IT"},{"@type":"Organization","@id":"https:\/\/www.canoa.ch\/#organization","name":"Gruppo Canoisti Ticinesi","url":"https:\/\/www.canoa.ch\/","logo":{"@type":"ImageObject","inLanguage":"it-IT","@id":"https:\/\/www.canoa.ch\/#\/schema\/logo\/image\/","url":"https:\/\/www.canoa.ch\/wp-content\/uploads\/2019\/01\/Logo-Gruppo-Canoisti-Tciniesi.png","contentUrl":"https:\/\/www.canoa.ch\/wp-content\/uploads\/2019\/01\/Logo-Gruppo-Canoisti-Tciniesi.png","width":490,"height":490,"caption":"Gruppo Canoisti Ticinesi"},"image":{"@id":"https:\/\/www.canoa.ch\/#\/schema\/logo\/image\/"},"sameAs":["https:\/\/www.facebook.com\/gruppocanoistiticinesi\/"]},{"@type":"Person","@id":"https:\/\/www.canoa.ch\/#\/schema\/person\/836208b56435f29445d93b82a5f9bf85","name":"Laura","image":{"@type":"ImageObject","inLanguage":"it-IT","@id":"https:\/\/secure.gravatar.com\/avatar\/eaa469e44b041c1f1f50aa88705ab7a8b355ad7d0f96a989d780551d7158e2a2?s=96&d=mm&r=g","url":"https:\/\/secure.gravatar.com\/avatar\/eaa469e44b041c1f1f50aa88705ab7a8b355ad7d0f96a989d780551d7158e2a2?s=96&d=mm&r=g","contentUrl":"https:\/\/secure.gravatar.com\/avatar\/eaa469e44b041c1f1f50aa88705ab7a8b355ad7d0f96a989d780551d7158e2a2?s=96&d=mm&r=g","caption":"Laura"},"url":"https:\/\/www.canoa.ch\/?author=1"}]}},"_links":{"self":[{"href":"https:\/\/www.canoa.ch\/index.php?rest_route=\/wp\/v2\/posts\/2603","targetHints":{"allow":["GET"]}}],"collection":[{"href":"https:\/\/www.canoa.ch\/index.php?rest_route=\/wp\/v2\/posts"}],"about":[{"href":"https:\/\/www.canoa.ch\/index.php?rest_route=\/wp\/v2\/types\/post"}],"author":[{"embeddable":true,"href":"https:\/\/www.canoa.ch\/index.php?rest_route=\/wp\/v2\/users\/1"}],"replies":[{"embeddable":true,"href":"https:\/\/www.canoa.ch\/index.php?rest_route=%2Fwp%2Fv2%2Fcomments&post=2603"}],"version-history":[{"count":4,"href":"https:\/\/www.canoa.ch\/index.php?rest_route=\/wp\/v2\/posts\/2603\/revisions"}],"predecessor-version":[{"id":2624,"href":"https:\/\/www.canoa.ch\/index.php?rest_route=\/wp\/v2\/posts\/2603\/revisions\/2624"}],"wp:featuredmedia":[{"embeddable":true,"href":"https:\/\/www.canoa.ch\/index.php?rest_route=\/wp\/v2\/media\/2622"}],"wp:attachment":[{"href":"https:\/\/www.canoa.ch\/index.php?rest_route=%2Fwp%2Fv2%2Fmedia&parent=2603"}],"wp:term":[{"taxonomy":"category","embeddable":true,"href":"https:\/\/www.canoa.ch\/index.php?rest_route=%2Fwp%2Fv2%2Fcategories&post=2603"},{"taxonomy":"post_tag","embeddable":true,"href":"https:\/\/www.canoa.ch\/index.php?rest_route=%2Fwp%2Fv2%2Ftags&post=2603"}],"curies":[{"name":"wp","href":"https:\/\/api.w.org\/{rel}","templated":true}]}}