{"id":2548,"date":"2020-04-19T17:10:06","date_gmt":"2020-04-19T15:10:06","guid":{"rendered":"http:\/\/www.canoa.ch\/?p=2548"},"modified":"2020-07-24T00:53:43","modified_gmt":"2020-07-23T22:53:43","slug":"lavoraccio-al-ponte-della-ferrovia","status":"publish","type":"post","link":"https:\/\/www.canoa.ch\/?p=2548","title":{"rendered":"Lavoraccio al ponte della ferrovia"},"content":{"rendered":"\n<p>Al peggio non c&#8217;\u00e8 limite, si dice. Cos\u00ec, per togliere un passaggio infelice che \u00e8 costato pi\u00f9 di una disavventura anche ai nostri soci, hanno fatto un lavoro assai discutibile &#8211; per dirla con un eufemismo &#8211; nell&#8217;ultimo tratto della Moesa, fra il ponte della ferrovia e la confluenza con il Ticino. Hanno disseminato l&#8217;alveo di massi spigolosi, disposti in modo da rendere impossibile il passaggio dei canoisti, per la grande felicit\u00e0 dei pesci. L&#8217;imbocco, visto dall&#8217;alto, trae in inganno: sembra di poter intravvedere un passaggio ampio e comodo nella zona centrale. Il problema sta alla fine della rapida, che \u00e8 ostruita da alcuni massi posti proprio nella lingua della corrente. Con il livello basso, il pericolo \u00e8 visibile. Testimoni diretti fanno sapere che con un livello pari o superiore ai 50m3\/sec il passaggio non pone problemi. Attenzione a non peccare di ingenuit\u00e0 con livelli intermedi; altri testimoni diretti dicono che con livelli intermedi ci si incastra e le esperienze conseguenti non sono particolarmente entusiasmanti.<\/p>\n\n\n\n<p>E&#8217; possibile che vengano disposti ulteriori massi sulla sponda destra per facilitare il trasbordo. Per il momento \u00e8 pi\u00f9 facile trasbordare sulla sponda sinistra, sbarcando fra il ponte della ferrovia e i primi massi, per poi reimbarcarsi subito dopo l&#8217;ultimo masso. L&#8217;accesso \u00e8 comodo. Si prosegue poi sul ramo di sinistra che da l\u00ec in poi sarebbe libero, se non fosse per quell&#8217;albero che \u00e8 caduto proprio l\u00ec. Speriamo che la prossima buzza se lo porti via. Qui la foto del <a rel=\"noreferrer noopener\" aria-label=\" (opens in a new tab)\" href=\"https:\/\/www.canoa.ch\/wp-content\/uploads\/2020\/04\/IMG_4740-scaled.jpg\" target=\"_blank\">luogo per lo sbarco<\/a>, e qui la foto del <a rel=\"noreferrer noopener\" aria-label=\"luogo per l'imbarco (opens in a new tab)\" href=\"https:\/\/www.canoa.ch\/wp-content\/uploads\/2020\/04\/IMG_4745-scaled.jpg\" target=\"_blank\">luogo per l&#8217;imbarco<\/a>. <\/p>\n\n\n\n<figure class=\"wp-block-video\"><video controls loop src=\"https:\/\/www.canoa.ch\/wp-content\/uploads\/2020\/04\/IMG_4723.mov\"><\/video><figcaption>Moesa dopo il ponte della ferrovia<\/figcaption><\/figure>\n\n\n\n<p><\/p>\n","protected":false},"excerpt":{"rendered":"<p>Al peggio non c&#8217;\u00e8 limite, si dice. Cos\u00ec, per togliere un passaggio infelice che \u00e8 costato pi\u00f9 di una disavventura anche ai nostri soci, hanno<a href=\"https:\/\/www.canoa.ch\/?p=2548\" class=\"more-link\"><span class=\"screen-reader-text\"> &#8220;Lavoraccio al ponte della ferrovia&#8221;<\/span><\/a><\/p>\n","protected":false},"author":1,"featured_media":2558,"comment_status":"closed","ping_status":"closed","sticky":false,"template":"","format":"standard","meta":{"_angie_page":false,"page_builder":"","footnotes":""},"categories":[51,68,67,15],"tags":[],"class_list":["post-2548","post","type-post","status-publish","format-standard","has-post-thumbnail","hentry","category-51","category-68","category-avvisi","category-fiume"],"yoast_head":"<!-- This site is optimized with the Yoast SEO plugin v28.1 - https:\/\/yoast.com\/product\/yoast-seo-wordpress\/ -->\n<title>Lavoraccio al ponte della ferrovia - Gruppo Canoisti Ticinesi<\/title>\n<meta name=\"robots\" content=\"index, follow, max-snippet:-1, max-image-preview:large, max-video-preview:-1\" \/>\n<link rel=\"canonical\" href=\"https:\/\/www.canoa.ch\/?p=2548\" \/>\n<meta property=\"og:locale\" content=\"it_IT\" \/>\n<meta property=\"og:type\" content=\"article\" \/>\n<meta property=\"og:title\" content=\"Lavoraccio al ponte della ferrovia - Gruppo Canoisti Ticinesi\" \/>\n<meta property=\"og:description\" content=\"Al peggio non c&#8217;\u00e8 limite, si dice. Cos\u00ec, per togliere un passaggio infelice che \u00e8 costato pi\u00f9 di una disavventura anche ai nostri soci, hanno &quot;Lavoraccio al ponte della ferrovia&quot;\" \/>\n<meta property=\"og:url\" content=\"https:\/\/www.canoa.ch\/?p=2548\" \/>\n<meta property=\"og:site_name\" content=\"Gruppo Canoisti Ticinesi\" \/>\n<meta property=\"article:publisher\" content=\"https:\/\/www.facebook.com\/gruppocanoistiticinesi\/\" \/>\n<meta property=\"article:published_time\" content=\"2020-04-19T15:10:06+00:00\" \/>\n<meta property=\"article:modified_time\" content=\"2020-07-23T22:53:43+00:00\" \/>\n<meta property=\"og:image\" content=\"https:\/\/www.canoa.ch\/wp-content\/uploads\/2020\/04\/IMG_4735-scaled.jpg\" \/>\n\t<meta property=\"og:image:width\" content=\"1920\" \/>\n\t<meta property=\"og:image:height\" content=\"2560\" \/>\n\t<meta property=\"og:image:type\" content=\"image\/jpeg\" \/>\n<meta name=\"author\" content=\"Laura\" \/>\n<meta name=\"twitter:card\" content=\"summary_large_image\" \/>\n<meta name=\"twitter:label1\" content=\"Scritto da\" \/>\n\t<meta name=\"twitter:data1\" content=\"Laura\" \/>\n\t<meta name=\"twitter:label2\" content=\"Tempo di lettura stimato\" \/>\n\t<meta name=\"twitter:data2\" content=\"1 minuto\" \/>\n<script type=\"application\/ld+json\" class=\"yoast-schema-graph\">{\"@context\":\"https:\\\/\\\/schema.org\",\"@graph\":[{\"@type\":\"Article\",\"@id\":\"https:\\\/\\\/www.canoa.ch\\\/?p=2548#article\",\"isPartOf\":{\"@id\":\"https:\\\/\\\/www.canoa.ch\\\/?p=2548\"},\"author\":{\"name\":\"Laura\",\"@id\":\"https:\\\/\\\/www.canoa.ch\\\/#\\\/schema\\\/person\\\/836208b56435f29445d93b82a5f9bf85\"},\"headline\":\"Lavoraccio al ponte della ferrovia\",\"datePublished\":\"2020-04-19T15:10:06+00:00\",\"dateModified\":\"2020-07-23T22:53:43+00:00\",\"mainEntityOfPage\":{\"@id\":\"https:\\\/\\\/www.canoa.ch\\\/?p=2548\"},\"wordCount\":272,\"publisher\":{\"@id\":\"https:\\\/\\\/www.canoa.ch\\\/#organization\"},\"image\":{\"@id\":\"https:\\\/\\\/www.canoa.ch\\\/?p=2548#primaryimage\"},\"thumbnailUrl\":\"https:\\\/\\\/www.canoa.ch\\\/wp-content\\\/uploads\\\/2020\\\/04\\\/IMG_4735-scaled.jpg\",\"articleSection\":[\"2019\",\"2020\",\"Avvisi\",\"fiume\"],\"inLanguage\":\"it-IT\"},{\"@type\":\"WebPage\",\"@id\":\"https:\\\/\\\/www.canoa.ch\\\/?p=2548\",\"url\":\"https:\\\/\\\/www.canoa.ch\\\/?p=2548\",\"name\":\"Lavoraccio al ponte della ferrovia - Gruppo Canoisti Ticinesi\",\"isPartOf\":{\"@id\":\"https:\\\/\\\/www.canoa.ch\\\/#website\"},\"primaryImageOfPage\":{\"@id\":\"https:\\\/\\\/www.canoa.ch\\\/?p=2548#primaryimage\"},\"image\":{\"@id\":\"https:\\\/\\\/www.canoa.ch\\\/?p=2548#primaryimage\"},\"thumbnailUrl\":\"https:\\\/\\\/www.canoa.ch\\\/wp-content\\\/uploads\\\/2020\\\/04\\\/IMG_4735-scaled.jpg\",\"datePublished\":\"2020-04-19T15:10:06+00:00\",\"dateModified\":\"2020-07-23T22:53:43+00:00\",\"breadcrumb\":{\"@id\":\"https:\\\/\\\/www.canoa.ch\\\/?p=2548#breadcrumb\"},\"inLanguage\":\"it-IT\",\"potentialAction\":[{\"@type\":\"ReadAction\",\"target\":[\"https:\\\/\\\/www.canoa.ch\\\/?p=2548\"]}]},{\"@type\":\"ImageObject\",\"inLanguage\":\"it-IT\",\"@id\":\"https:\\\/\\\/www.canoa.ch\\\/?p=2548#primaryimage\",\"url\":\"https:\\\/\\\/www.canoa.ch\\\/wp-content\\\/uploads\\\/2020\\\/04\\\/IMG_4735-scaled.jpg\",\"contentUrl\":\"https:\\\/\\\/www.canoa.ch\\\/wp-content\\\/uploads\\\/2020\\\/04\\\/IMG_4735-scaled.jpg\",\"width\":1920,\"height\":2560},{\"@type\":\"BreadcrumbList\",\"@id\":\"https:\\\/\\\/www.canoa.ch\\\/?p=2548#breadcrumb\",\"itemListElement\":[{\"@type\":\"ListItem\",\"position\":1,\"name\":\"Home\",\"item\":\"https:\\\/\\\/www.canoa.ch\\\/\"},{\"@type\":\"ListItem\",\"position\":2,\"name\":\"Lavoraccio al ponte della ferrovia\"}]},{\"@type\":\"WebSite\",\"@id\":\"https:\\\/\\\/www.canoa.ch\\\/#website\",\"url\":\"https:\\\/\\\/www.canoa.ch\\\/\",\"name\":\"Gruppo Canoisti Ticinesi\",\"description\":\"Canoa e kayak su laghi e fiumi\",\"publisher\":{\"@id\":\"https:\\\/\\\/www.canoa.ch\\\/#organization\"},\"potentialAction\":[{\"@type\":\"SearchAction\",\"target\":{\"@type\":\"EntryPoint\",\"urlTemplate\":\"https:\\\/\\\/www.canoa.ch\\\/?s={search_term_string}\"},\"query-input\":{\"@type\":\"PropertyValueSpecification\",\"valueRequired\":true,\"valueName\":\"search_term_string\"}}],\"inLanguage\":\"it-IT\"},{\"@type\":\"Organization\",\"@id\":\"https:\\\/\\\/www.canoa.ch\\\/#organization\",\"name\":\"Gruppo Canoisti Ticinesi\",\"url\":\"https:\\\/\\\/www.canoa.ch\\\/\",\"logo\":{\"@type\":\"ImageObject\",\"inLanguage\":\"it-IT\",\"@id\":\"https:\\\/\\\/www.canoa.ch\\\/#\\\/schema\\\/logo\\\/image\\\/\",\"url\":\"https:\\\/\\\/www.canoa.ch\\\/wp-content\\\/uploads\\\/2019\\\/01\\\/Logo-Gruppo-Canoisti-Tciniesi.png\",\"contentUrl\":\"https:\\\/\\\/www.canoa.ch\\\/wp-content\\\/uploads\\\/2019\\\/01\\\/Logo-Gruppo-Canoisti-Tciniesi.png\",\"width\":490,\"height\":490,\"caption\":\"Gruppo Canoisti Ticinesi\"},\"image\":{\"@id\":\"https:\\\/\\\/www.canoa.ch\\\/#\\\/schema\\\/logo\\\/image\\\/\"},\"sameAs\":[\"https:\\\/\\\/www.facebook.com\\\/gruppocanoistiticinesi\\\/\"]},{\"@type\":\"Person\",\"@id\":\"https:\\\/\\\/www.canoa.ch\\\/#\\\/schema\\\/person\\\/836208b56435f29445d93b82a5f9bf85\",\"name\":\"Laura\",\"image\":{\"@type\":\"ImageObject\",\"inLanguage\":\"it-IT\",\"@id\":\"https:\\\/\\\/secure.gravatar.com\\\/avatar\\\/eaa469e44b041c1f1f50aa88705ab7a8b355ad7d0f96a989d780551d7158e2a2?s=96&d=mm&r=g\",\"url\":\"https:\\\/\\\/secure.gravatar.com\\\/avatar\\\/eaa469e44b041c1f1f50aa88705ab7a8b355ad7d0f96a989d780551d7158e2a2?s=96&d=mm&r=g\",\"contentUrl\":\"https:\\\/\\\/secure.gravatar.com\\\/avatar\\\/eaa469e44b041c1f1f50aa88705ab7a8b355ad7d0f96a989d780551d7158e2a2?s=96&d=mm&r=g\",\"caption\":\"Laura\"},\"url\":\"https:\\\/\\\/www.canoa.ch\\\/?author=1\"}]}<\/script>\n<!-- \/ Yoast SEO plugin. -->","yoast_head_json":{"title":"Lavoraccio al ponte della ferrovia - Gruppo Canoisti Ticinesi","robots":{"index":"index","follow":"follow","max-snippet":"max-snippet:-1","max-image-preview":"max-image-preview:large","max-video-preview":"max-video-preview:-1"},"canonical":"https:\/\/www.canoa.ch\/?p=2548","og_locale":"it_IT","og_type":"article","og_title":"Lavoraccio al ponte della ferrovia - Gruppo Canoisti Ticinesi","og_description":"Al peggio non c&#8217;\u00e8 limite, si dice. Cos\u00ec, per togliere un passaggio infelice che \u00e8 costato pi\u00f9 di una disavventura anche ai nostri soci, hanno \"Lavoraccio al ponte della ferrovia\"","og_url":"https:\/\/www.canoa.ch\/?p=2548","og_site_name":"Gruppo Canoisti Ticinesi","article_publisher":"https:\/\/www.facebook.com\/gruppocanoistiticinesi\/","article_published_time":"2020-04-19T15:10:06+00:00","article_modified_time":"2020-07-23T22:53:43+00:00","og_image":[{"width":1920,"height":2560,"url":"https:\/\/www.canoa.ch\/wp-content\/uploads\/2020\/04\/IMG_4735-scaled.jpg","type":"image\/jpeg"}],"author":"Laura","twitter_card":"summary_large_image","twitter_misc":{"Scritto da":"Laura","Tempo di lettura stimato":"1 minuto"},"schema":{"@context":"https:\/\/schema.org","@graph":[{"@type":"Article","@id":"https:\/\/www.canoa.ch\/?p=2548#article","isPartOf":{"@id":"https:\/\/www.canoa.ch\/?p=2548"},"author":{"name":"Laura","@id":"https:\/\/www.canoa.ch\/#\/schema\/person\/836208b56435f29445d93b82a5f9bf85"},"headline":"Lavoraccio al ponte della ferrovia","datePublished":"2020-04-19T15:10:06+00:00","dateModified":"2020-07-23T22:53:43+00:00","mainEntityOfPage":{"@id":"https:\/\/www.canoa.ch\/?p=2548"},"wordCount":272,"publisher":{"@id":"https:\/\/www.canoa.ch\/#organization"},"image":{"@id":"https:\/\/www.canoa.ch\/?p=2548#primaryimage"},"thumbnailUrl":"https:\/\/www.canoa.ch\/wp-content\/uploads\/2020\/04\/IMG_4735-scaled.jpg","articleSection":["2019","2020","Avvisi","fiume"],"inLanguage":"it-IT"},{"@type":"WebPage","@id":"https:\/\/www.canoa.ch\/?p=2548","url":"https:\/\/www.canoa.ch\/?p=2548","name":"Lavoraccio al ponte della ferrovia - Gruppo Canoisti Ticinesi","isPartOf":{"@id":"https:\/\/www.canoa.ch\/#website"},"primaryImageOfPage":{"@id":"https:\/\/www.canoa.ch\/?p=2548#primaryimage"},"image":{"@id":"https:\/\/www.canoa.ch\/?p=2548#primaryimage"},"thumbnailUrl":"https:\/\/www.canoa.ch\/wp-content\/uploads\/2020\/04\/IMG_4735-scaled.jpg","datePublished":"2020-04-19T15:10:06+00:00","dateModified":"2020-07-23T22:53:43+00:00","breadcrumb":{"@id":"https:\/\/www.canoa.ch\/?p=2548#breadcrumb"},"inLanguage":"it-IT","potentialAction":[{"@type":"ReadAction","target":["https:\/\/www.canoa.ch\/?p=2548"]}]},{"@type":"ImageObject","inLanguage":"it-IT","@id":"https:\/\/www.canoa.ch\/?p=2548#primaryimage","url":"https:\/\/www.canoa.ch\/wp-content\/uploads\/2020\/04\/IMG_4735-scaled.jpg","contentUrl":"https:\/\/www.canoa.ch\/wp-content\/uploads\/2020\/04\/IMG_4735-scaled.jpg","width":1920,"height":2560},{"@type":"BreadcrumbList","@id":"https:\/\/www.canoa.ch\/?p=2548#breadcrumb","itemListElement":[{"@type":"ListItem","position":1,"name":"Home","item":"https:\/\/www.canoa.ch\/"},{"@type":"ListItem","position":2,"name":"Lavoraccio al ponte della ferrovia"}]},{"@type":"WebSite","@id":"https:\/\/www.canoa.ch\/#website","url":"https:\/\/www.canoa.ch\/","name":"Gruppo Canoisti Ticinesi","description":"Canoa e kayak su laghi e fiumi","publisher":{"@id":"https:\/\/www.canoa.ch\/#organization"},"potentialAction":[{"@type":"SearchAction","target":{"@type":"EntryPoint","urlTemplate":"https:\/\/www.canoa.ch\/?s={search_term_string}"},"query-input":{"@type":"PropertyValueSpecification","valueRequired":true,"valueName":"search_term_string"}}],"inLanguage":"it-IT"},{"@type":"Organization","@id":"https:\/\/www.canoa.ch\/#organization","name":"Gruppo Canoisti Ticinesi","url":"https:\/\/www.canoa.ch\/","logo":{"@type":"ImageObject","inLanguage":"it-IT","@id":"https:\/\/www.canoa.ch\/#\/schema\/logo\/image\/","url":"https:\/\/www.canoa.ch\/wp-content\/uploads\/2019\/01\/Logo-Gruppo-Canoisti-Tciniesi.png","contentUrl":"https:\/\/www.canoa.ch\/wp-content\/uploads\/2019\/01\/Logo-Gruppo-Canoisti-Tciniesi.png","width":490,"height":490,"caption":"Gruppo Canoisti Ticinesi"},"image":{"@id":"https:\/\/www.canoa.ch\/#\/schema\/logo\/image\/"},"sameAs":["https:\/\/www.facebook.com\/gruppocanoistiticinesi\/"]},{"@type":"Person","@id":"https:\/\/www.canoa.ch\/#\/schema\/person\/836208b56435f29445d93b82a5f9bf85","name":"Laura","image":{"@type":"ImageObject","inLanguage":"it-IT","@id":"https:\/\/secure.gravatar.com\/avatar\/eaa469e44b041c1f1f50aa88705ab7a8b355ad7d0f96a989d780551d7158e2a2?s=96&d=mm&r=g","url":"https:\/\/secure.gravatar.com\/avatar\/eaa469e44b041c1f1f50aa88705ab7a8b355ad7d0f96a989d780551d7158e2a2?s=96&d=mm&r=g","contentUrl":"https:\/\/secure.gravatar.com\/avatar\/eaa469e44b041c1f1f50aa88705ab7a8b355ad7d0f96a989d780551d7158e2a2?s=96&d=mm&r=g","caption":"Laura"},"url":"https:\/\/www.canoa.ch\/?author=1"}]}},"_links":{"self":[{"href":"https:\/\/www.canoa.ch\/index.php?rest_route=\/wp\/v2\/posts\/2548","targetHints":{"allow":["GET"]}}],"collection":[{"href":"https:\/\/www.canoa.ch\/index.php?rest_route=\/wp\/v2\/posts"}],"about":[{"href":"https:\/\/www.canoa.ch\/index.php?rest_route=\/wp\/v2\/types\/post"}],"author":[{"embeddable":true,"href":"https:\/\/www.canoa.ch\/index.php?rest_route=\/wp\/v2\/users\/1"}],"replies":[{"embeddable":true,"href":"https:\/\/www.canoa.ch\/index.php?rest_route=%2Fwp%2Fv2%2Fcomments&post=2548"}],"version-history":[{"count":7,"href":"https:\/\/www.canoa.ch\/index.php?rest_route=\/wp\/v2\/posts\/2548\/revisions"}],"predecessor-version":[{"id":2683,"href":"https:\/\/www.canoa.ch\/index.php?rest_route=\/wp\/v2\/posts\/2548\/revisions\/2683"}],"wp:featuredmedia":[{"embeddable":true,"href":"https:\/\/www.canoa.ch\/index.php?rest_route=\/wp\/v2\/media\/2558"}],"wp:attachment":[{"href":"https:\/\/www.canoa.ch\/index.php?rest_route=%2Fwp%2Fv2%2Fmedia&parent=2548"}],"wp:term":[{"taxonomy":"category","embeddable":true,"href":"https:\/\/www.canoa.ch\/index.php?rest_route=%2Fwp%2Fv2%2Fcategories&post=2548"},{"taxonomy":"post_tag","embeddable":true,"href":"https:\/\/www.canoa.ch\/index.php?rest_route=%2Fwp%2Fv2%2Ftags&post=2548"}],"curies":[{"name":"wp","href":"https:\/\/api.w.org\/{rel}","templated":true}]}}